{"id":1510,"date":"2011-05-02T08:13:57","date_gmt":"2011-05-02T06:13:57","guid":{"rendered":"http:\/\/www.fffr.de\/?p=1510"},"modified":"2011-05-02T08:15:40","modified_gmt":"2011-05-02T06:15:40","slug":"keine-militar-werbeshows-in-der-agentur-fur-arbeit","status":"publish","type":"post","link":"https:\/\/www.fffr.de\/?p=1510","title":{"rendered":"Keine Milit\u00e4r-Werbeshows in der Agentur f\u00fcr Arbeit!"},"content":{"rendered":"<p><strong>Donnerstag, 5. Mai 2011: <\/strong><br \/>\n<strong>Die angemeldete Aktion beginnt um 13.30 Uhr in der Lehener Str. 77.<\/strong><\/p>\n<h3>Keine Milit\u00e4r-Werbeshows in der Agentur f\u00fcr Arbeit in Freiburg und in allen anderen St\u00e4dten!<\/h3>\n<p>Die Bundeswehr ben\u00f6tigt f\u00fcr ihre zunehmenden Eins\u00e4tze im In- und Ausland, die auch nach Auffassung von Rechtsexperten zum Teil v\u00f6lkerrechtswidrig sind, immer mehr Soldaten und Soldatinnen, die sich mit Leib und n\u00f6tigenfalls ihrem Leben der Bundeswehr verschreiben. Sie bietet jungen Menschen, die von Lehrstellenmangel, Studiengeb\u00fchren, Armut und existenziellem Druck durch Hartz IV bedroht sind, eine gut bezahlte Ausbildung oder ein gut bezahltes Studium. Wer unterschreibt, verpflichtet sich allerdings auch zu mindestens einem Jahr im Ausland, zu einer Ausbildung zum T\u00f6ten und bezahlt diese Ausbildung m\u00f6glicherweise mit dem Leben.<\/p>\n<p>Wir wehren uns dagegen, dass sich die Bundeswehr an Benachteiligte und Perspektivlose in unserer Gesellschaft wendet, um sie f\u00fcr ihre Kriege zu gewinnen.<\/p>\n<p>Wir fordern die Agentur f\u00fcr Arbeit in Freiburg auf, sich nicht an diesen Werbeveranstaltungen zu beteiligen und allen Bundeswehrangeh\u00f6rigen die Genehmigung zur Durchf\u00fchrung sog. \u201eInformations-, oder Beratungsveranstaltungen\u201c in Ihren R\u00e4umen zu untersagen.<\/p>\n<p>Wir fordern die Agentur f\u00fcr Arbeit in Freiburg auf, stattdessen die von ihr betreuten Erwerbslosen realit\u00e4tsnah \u00fcber die pers\u00f6nlichen und gesellschaftlich\/politischen Folgen einer Verpflichtung bei der Bundeswehr aufzukl\u00e4ren.<\/p>\n<p>Fast 70 Bundeswehrangeh\u00f6rige starben seit 1993 bei Eins\u00e4tzen im Ausland. Wie viele Menschen dabei von deutschen Soldaten get\u00f6tet wurden, wird nicht bekannt gegeben.<br \/>\nSoldat ist kein normaler \u201eBeruf\u201c und die Bundeswehr kein normaler \u201eBetrieb\u201c.<\/p>\n","protected":false},"excerpt":{"rendered":"<p>Donnerstag, 5. Mai 2011: Die angemeldete Aktion beginnt um 13.30 Uhr in der Lehener Str. 77. Keine Milit\u00e4r-Werbeshows in der Agentur f\u00fcr Arbeit in Freiburg und in allen anderen St\u00e4dten! Die Bundeswehr ben\u00f6tigt f\u00fcr ihre zunehmenden Eins\u00e4tze im In- und Ausland, die auch nach Auffassung von Rechtsexperten zum Teil v\u00f6lkerrechtswidrig sind, immer mehr Soldaten und [&hellip;]<\/p>\n","protected":false},"author":12,"featured_media":0,"comment_status":"closed","ping_status":"closed","sticky":false,"template":"","format":"standard","meta":{"footnotes":""},"categories":[6,20,4,22,16],"tags":[],"class_list":["post-1510","post","type-post","status-publish","format-standard","hentry","category-allgemeines","category-bundeswehr-werbung","category-friedensforum","category-infoveranstaltung","category-termine","entry"],"_links":{"self":[{"href":"https:\/\/www.fffr.de\/index.php?rest_route=\/wp\/v2\/posts\/1510","targetHints":{"allow":["GET"]}}],"collection":[{"href":"https:\/\/www.fffr.de\/index.php?rest_route=\/wp\/v2\/posts"}],"about":[{"href":"https:\/\/www.fffr.de\/index.php?rest_route=\/wp\/v2\/types\/post"}],"author":[{"embeddable":true,"href":"https:\/\/www.fffr.de\/index.php?rest_route=\/wp\/v2\/users\/12"}],"replies":[{"embeddable":true,"href":"https:\/\/www.fffr.de\/index.php?rest_route=%2Fwp%2Fv2%2Fcomments&post=1510"}],"version-history":[{"count":4,"href":"https:\/\/www.fffr.de\/index.php?rest_route=\/wp\/v2\/posts\/1510\/revisions"}],"predecessor-version":[{"id":1513,"href":"https:\/\/www.fffr.de\/index.php?rest_route=\/wp\/v2\/posts\/1510\/revisions\/1513"}],"wp:attachment":[{"href":"https:\/\/www.fffr.de\/index.php?rest_route=%2Fwp%2Fv2%2Fmedia&parent=1510"}],"wp:term":[{"taxonomy":"category","embeddable":true,"href":"https:\/\/www.fffr.de\/index.php?rest_route=%2Fwp%2Fv2%2Fcategories&post=1510"},{"taxonomy":"post_tag","embeddable":true,"href":"https:\/\/www.fffr.de\/index.php?rest_route=%2Fwp%2Fv2%2Ftags&post=1510"}],"curies":[{"name":"wp","href":"https:\/\/api.w.org\/{rel}","templated":true}]}}