{"id":1602,"date":"2011-10-21T12:49:33","date_gmt":"2011-10-21T10:49:33","guid":{"rendered":"http:\/\/www.fffr.de\/?p=1602"},"modified":"2011-10-31T14:47:54","modified_gmt":"2011-10-31T12:47:54","slug":"freiburger-friedenswoche-2011","status":"publish","type":"post","link":"https:\/\/www.fffr.de\/?p=1602","title":{"rendered":"Freiburger Friedenswoche 2011"},"content":{"rendered":"<h2>GIER\u00a0 MACHT\u00a0 KRIEG<\/h2>\n<p style=\"text-align: right;\">Programm der Freiburger Friedenswoche 2011<br \/>\nals <a href=\"..\/..\/stuff\/Friedenswoche\/2011\/FriedenswocheFR_2011_www.pdf\" target=\"_blank\">Bildschirm-PDF<\/a> \u00b7 als <a href=\"..\/..\/stuff\/Friedenswoche\/2011\/FriedenswocheFR_2011_Lepo_blau.pdf\" target=\"_blank\">Druck-PDF farbig<\/a> \u00b7\u00a0 als <a href=\"..\/..\/stuff\/Friedenswoche\/2011\/FriedenswocheFR_2011_Lepo_s-w.pdf\" target=\"_blank\">Druck-PDF s\/w<\/a><\/p>\n<p>&#8222;Gier\u00a0 Macht\u00a0 Krieg&#8220; \u2013 so lautet das Logo der diesj\u00e4hrigen bundesweiten Friedensdekade. F\u00fcr die Freiburger Friedenswochen 2011 hat die hiesige Friedensbewegung dieses Logo \u00fcbernommen. Es kann gelesen werden als Reihenfolge dreier Substantive Gier &#8211; Macht &#8211; Krieg, aber auch als kurzer eindr\u00fccklicher Satz: Gier macht Krieg!<\/p>\n<p>Unter Gier kann hier verstanden werden das Streben nach immer mehr Wohlstand und Reichtum ohne R\u00fccksicht auf unsere Mitmenschen und nat\u00fcrliche Umwelt. Um ein solches Interesse durchzusetzen braucht es Macht. In der Politik hei\u00dfen die Mittel der Macht, wenn Worte nicht mehr reichen, Geld und Waffen. Wer sich durchsetzen will, muss sich andere gef\u00fcgig machen. Sind diese nicht zu \u00fcberreden, werden sie bezahlt oder bek\u00e4mpft. Unter bek\u00e4mpfen verstehen viele Politiker noch immer: Gewalt anwenden, Krieg f\u00fchren. Mit Waffengewalt, so glauben sie, k\u00e4men sie schneller ans erstrebte Ziel. Ein verh\u00e4ngnisvoller Irrtum: Herrschaft mit Waffengewalt bringt keinen Frieden und damit keine Sicherheit f\u00fcr das Erk\u00e4mpfte. So hei\u00dft das R\u00e9sum\u00e9e: Gier macht Krieg. Das Wortspiel wird zur bitteren Realit\u00e4t.<\/p>\n<p>Und so behandeln die Veranstaltungen der Freiburger Friedenswochen 2011 das Thema in folgenden Punkten:<\/p>\n<ul>\n<li>Krise und Kritik des heutigen Finanz- und Wirtschaftssystems;<\/li>\n<li>die Rolle des Milit\u00e4rs in Au\u00dfen- und Innenpolitik;<\/li>\n<li>am Beispiel Nordafrikas, die Versuche, Umsturz und gesellschaftliche Ver\u00e4nderungen ohne Waffengewalt zu erreichen und das Gegenteil: Im Dienste materieller Interessen Krieg und B\u00fcrgerkrieg zu f\u00fchren, um gesellschaftliche und politische \u00c4nderungen zu erzwingen.<\/li>\n<\/ul>\n<p>Programm der Freiburger Friedenswoche 2011<br \/>\nals <a href=\"https:\/\/www.fffr.de\/stuff\/Friedenswoche\/2011\/FriedenswocheFR_2011_www.pdf\" target=\"_blank\">Bildschirm-PDF<\/a> \u00b7 als <a href=\"https:\/\/www.fffr.de\/stuff\/Friedenswoche\/2011\/FriedenswocheFR_2011_Lepo_blau.pdf\" target=\"_blank\">Druck-PDF farbig<\/a> \u00b7\u00a0 als <a href=\"https:\/\/www.fffr.de\/stuff\/Friedenswoche\/2011\/FriedenswocheFR_2011_Lepo_s-w.pdf\" target=\"_blank\">Druck-PDF s\/w<\/a><\/p>\n<p><strong>Die Veranstaltungen im Einzelnen:<!--more--><\/strong><\/p>\n<p><em>Mittwoch, 2.11.2011<\/em><br \/>\n<strong>Geld regiert die Welt &#8211; wer regiert das Geld?<\/strong><br \/>\n<strong>Welche Zukunft haben der Euro und das ganze Finanzsystem?<\/strong><\/p>\n<h2><strong><span style=\"color: #ff0000;\">Diese Veranstaltung f\u00e4llt aus!<\/span><br \/>\n<\/strong><\/h2>\n<p>Vortrag und Diskussion mit Wolfgang Kessler, Wirtschaftspublizist und Chefredakteur der Zeitschrift Publik-Forum<br \/>\n20.00 h, Universit\u00e4t, KG III, H\u00f6rsaal 3118<\/p>\n<p>Seit der Pleite der US-Investmentbank Lehman-Brothers 2008 jagt eine Finanzkrise die n\u00e4chste. Gro\u00dfe Privat- und Staatsbanken in den USA und in Europa sind involviert. Die Staatshaushalte in den USA und den meisten europ\u00e4ischen L\u00e4ndern sind hoffnungslos \u00fcberschuldet. F\u00fcr Griechenland und andere droht der Staatsbankrott. Die Kreditw\u00fcrdigkeit gro\u00dfer Banken und ganzer Staaten wird von US-Ratingagenturen st\u00e4ndig herunter-gestuft, was zu unbezahlbaren Kreditzinsen f\u00fchrt, die Wirtschaft l\u00e4hmt, massenhaft Insolvenzen erzwingt. In Europa werden von den Regierungen immer neue sog. Rettungsschirme f\u00fcr verschuldete Staaten und Finanzinstitute mit Steuergeldern aufgespannt, was vermutlich zu immensen Neu-verschuldungen f\u00fchren wird. Es geht um die Ursache der Krisen, ihre Folgen und notwendigen Ma\u00dfnahmen zu ihrer \u00dcberwindung.<\/p>\n<p>Veranstalter: Freiburger Friedenswoche e.V., Freiburger Friedensforum, u-AStA der Universit\u00e4t, zusammen mit der Zeitschrift Publik-Forum<\/p>\n<p>_____<\/p>\n<p><em>Dienstag, 8.11.2011<\/em><br \/>\n<strong>Die Bundeswehr (k)eine normale Armee?<\/strong><\/p>\n<p>Vortrag und Diskussion mit Dr. Detlef Bald, wissenschaftlicher Mitarbeiter am Institut f\u00fcr Friedensforschung und Sicherheitspolitik der Universit\u00e4t Hamburg und freischaffender Historiker, M\u00fcnchen<br \/>\n20.00 h, Universit\u00e4t, KG I, H\u00f6rsaal 1009<\/p>\n<p>Die 1955 gegr\u00fcndete Bundeswehr galt bis 1989\/90 als Verteidigungsarmee. Damals wurde sie umger\u00fcstet zu einer Interventionsarmee f\u00fcr Auslandseins\u00e4tze, die 1999 im Jugoslawienkrieg und ab 2001 im Afghanistankrieg Realit\u00e4t wurde. F\u00fchrende deutsche Politiker fordern seit Jahren auch die Bereitschaft zum bewaffneten Einsatz<br \/>\nim Innern. Die letzte gro\u00dfe Reform verwandelte die Bundeswehr von einer Wehrpflichtarmee zur Berufsarmee. Seit Jahren wirbt die Bundeswehr in zivilen Einrichtungen, wie Schulen und Arbeitsagenturen f\u00fcr den Soldatenberuf. F\u00fcr die Einbeziehung von Jugendoffizieren in den Schulunterricht und die Lehrerausbildung haben mehrere Kultusministerien, darunter Baden-W\u00fcrttemberg, Kooperationsvereinbarungen mit der Bundeswehr abgeschlossen. Das findet zunehmend Widerstand.<\/p>\n<p>Veranstalter: Freiburger Friedenswoche e.V., Freiburger Friedensforum, Gewerkschaft Erziehung und Wissenschaft &#8211; GEW &#8211; Kreis Freiburg, uAStA der Universit\u00e4t<\/p>\n<p>_____<\/p>\n<p><em>Freitag, 18.11.2011<\/em><br \/>\n<strong>Revolten, Revolution und Krieg in Nordafrika und die Folgen f\u00fcr die gesamte Region<\/strong><\/p>\n<p>Vortrag und Diskussion mit Andreas Zumach, freier Journalist, Genf<br \/>\n19.00 h, Caf\u00e9 Velo, am Bahnhof, Wenzinger Str. 15<\/p>\n<p>Anfang dieses Jahres wurden in Tunesien und \u00c4gypten die dortigen Alleinherrscher vom Volk mit friedlichen Protesten gest\u00fcrzt. \u00dcbergangsregierungen wurden gebildet, die die Entwicklung hin zu freien Wahlen begleiten sollen. Wirkliche Strukturver\u00e4nderungen in Politik und Gesellschaft erfordern revolution\u00e4re Eingriffe. Der Weg in eine neue \u00c4ra liegt noch im Dunkeln. Anders als in diesen beiden L\u00e4ndern begannen im M\u00e4rz 2011 in Libyen bewaffnete Aufst\u00e4nde gegen das Gaddafi-Regime, offensichtlich vom Ausland unterst\u00fctzt. Stammesstrukturen und -interessen waren weitgehend Motiv f\u00fcr die Aufst\u00e4nde. Das Land versank im B\u00fcrgerkrieg, der durch das milit\u00e4rische Eingreifen Frankreichs und Englands und sp\u00e4ter der NATO sich zum internationalen Krieg ausweitete. Eine Befriedung des Landes ist nicht in Sicht.<\/p>\n<p>Veranstalter: Deutsche Friedensgesellschaft &#8211; vereinigte Kriegsdienstgegner e.V. &#8211; DFG-vK, Freiburger Friedenswoche e.V. Freiburger Friedensforum<\/p>\n<p>_____<\/p>\n<p><em>Dienstag, 22.11.2011<\/em><br \/>\n<strong>Globale Verteidigung: Neuer Auftrag f\u00fcr die Bundeswehr &#8211; Soldaten im Zwiespalt zwischen Verfassungstreue und B\u00fcndnisraison<\/strong><\/p>\n<p>Vortrag und Diskussion mit J\u00fcrgen Rose, Oberstleutnant der Bundeswehr a.D. M\u00fcnchen<br \/>\n19.30 h, Universit\u00e4t, KG III, H\u00f6rsaal 3043<\/p>\n<p>Im sog. kalten Krieg zwischen West und Ost wurde 1955 die Bundeswehr als Armee zur Landesverteidigung gegr\u00fcndet, was auch Eingang in das Grundgesetz fand. Nach dem Zusammenbruch des Warschauer Pakts wurde die Strategie der Landes-verteidigung obsolet. Ab 1990 suchte man in der NATO nach neuen Strategien, im B\u00fcndnis vorneweg: Deutschland und die Bundeswehr. Die neuen Strategieentw\u00fcrfe sahen nun auch f\u00fcr die Bundes-wehr Auslandseins\u00e4tze vor, also die F\u00fchrung von Angriffskriegen. Mit dem Verbot der Vorbereitung von Angriffskriegen im Grundgesetz war die neue Strategie nicht mehr vereinbar. So formulierte<br \/>\nman in der neuen Strategie f\u00fcr die Bundeswehr,<br \/>\nes gehe um die Verteidigung der weltweiten, vor allem wirtschaftlichen Interessen der Bundesrepublik (aber nur im B\u00fcndnisverband, mahnte das Bundesverfassungsgericht). Mit dem Grundgesetz<br \/>\nist auch der bewaffnete Einsatz der Bundeswehr<br \/>\nim Innern nicht vereinbar. Deshalb fordern viele Politiker eine \u00c4nderung des Grundgesetzes.<\/p>\n<p>Veranstalter: Freiburger Friedenswoche e.V., Freiburger Friedensforum, Gewerkschaft Erziehung und Wissenschaft &#8211; GEW &#8211; Kreis Freiburg, u-Asta der Universit\u00e4t<\/p>\n<p>_____<\/p>\n<p><strong>Hinweis auf weitere Veranstaltungen:<\/strong><\/p>\n<p><em>Dienstag, 6.12.2011<\/em><br \/>\n<strong>Der Staat Pal\u00e4stina &#8211; erst Souver\u00e4nit\u00e4t, dann Frieden!<\/strong><\/p>\n<p>Vortrag und Diskussion mit Latifeh Abu El Asal, Freiburg, 19.00 h, Caf\u00e9 Velo, am Bahnhof Wenzinger Str. 15<br \/>\nVeranstalter: Freiburger Friedensforum, Freiburger Friedenswoche e.V.<\/p>\n<p>_____<\/p>\n<p><em>Freitag, 9.12.2011<\/em><br \/>\n<strong>Der Libanon in der Klammer des Nahost-Konflikts<\/strong><\/p>\n<p>Vortrag und Diskussion mit Clemens Ronnefeldt, Internationaler Vers\u00f6hnungsbund deutscher Zweig<\/p>\n<p>19.30 h, Kath. Hochschulgem. Edith Stein, Lorettostr. 24.<br \/>\nVeranstalter: Freiburger Friedensforum, Freiburger Friedenswoche e.V., Ev. Studierendengemeinde<\/p>\n<p>_____<\/p>\n<p>Spendenkonto der Freiburger Friedenswoche e.V.<br \/>\nKonto-Nr. 2281250, Sparkasse Freiburg (BLZ 68050101)<\/p>\n","protected":false},"excerpt":{"rendered":"<p>GIER\u00a0 MACHT\u00a0 KRIEG Programm der Freiburger Friedenswoche 2011 als Bildschirm-PDF \u00b7 als Druck-PDF farbig \u00b7\u00a0 als Druck-PDF s\/w &#8222;Gier\u00a0 Macht\u00a0 Krieg&#8220; \u2013 so lautet das Logo der diesj\u00e4hrigen bundesweiten Friedensdekade. F\u00fcr die Freiburger Friedenswochen 2011 hat die hiesige Friedensbewegung dieses Logo \u00fcbernommen. Es kann gelesen werden als Reihenfolge dreier Substantive Gier &#8211; Macht &#8211; Krieg, [&hellip;]<\/p>\n","protected":false},"author":12,"featured_media":0,"comment_status":"closed","ping_status":"closed","sticky":false,"template":"","format":"standard","meta":{"footnotes":""},"categories":[6,4,22,16],"tags":[],"class_list":["post-1602","post","type-post","status-publish","format-standard","hentry","category-allgemeines","category-friedensforum","category-infoveranstaltung","category-termine","entry"],"_links":{"self":[{"href":"https:\/\/www.fffr.de\/index.php?rest_route=\/wp\/v2\/posts\/1602","targetHints":{"allow":["GET"]}}],"collection":[{"href":"https:\/\/www.fffr.de\/index.php?rest_route=\/wp\/v2\/posts"}],"about":[{"href":"https:\/\/www.fffr.de\/index.php?rest_route=\/wp\/v2\/types\/post"}],"author":[{"embeddable":true,"href":"https:\/\/www.fffr.de\/index.php?rest_route=\/wp\/v2\/users\/12"}],"replies":[{"embeddable":true,"href":"https:\/\/www.fffr.de\/index.php?rest_route=%2Fwp%2Fv2%2Fcomments&post=1602"}],"version-history":[{"count":17,"href":"https:\/\/www.fffr.de\/index.php?rest_route=\/wp\/v2\/posts\/1602\/revisions"}],"predecessor-version":[{"id":1608,"href":"https:\/\/www.fffr.de\/index.php?rest_route=\/wp\/v2\/posts\/1602\/revisions\/1608"}],"wp:attachment":[{"href":"https:\/\/www.fffr.de\/index.php?rest_route=%2Fwp%2Fv2%2Fmedia&parent=1602"}],"wp:term":[{"taxonomy":"category","embeddable":true,"href":"https:\/\/www.fffr.de\/index.php?rest_route=%2Fwp%2Fv2%2Fcategories&post=1602"},{"taxonomy":"post_tag","embeddable":true,"href":"https:\/\/www.fffr.de\/index.php?rest_route=%2Fwp%2Fv2%2Ftags&post=1602"}],"curies":[{"name":"wp","href":"https:\/\/api.w.org\/{rel}","templated":true}]}}