{"id":2185,"date":"2014-09-25T17:24:03","date_gmt":"2014-09-25T15:24:03","guid":{"rendered":"http:\/\/www.fffr.de\/?p=2185"},"modified":"2014-09-25T17:24:04","modified_gmt":"2014-09-25T15:24:04","slug":"toeten-per-fernbedienung-vortrag-mit-peter-strutynski-am-14-10","status":"publish","type":"post","link":"https:\/\/www.fffr.de\/?p=2185","title":{"rendered":"T\u00f6ten per Fernbedienung: Vortrag mit Peter Strutynski am 14.10"},"content":{"rendered":"<p><strong>T\u00f6ten per Fernbedienung &#8211; Kampfdrohnen im weltweiten Schattenkrieg<\/strong><\/p>\n<p><strong>Vortrag mit Dr. Peter Strutynski<\/strong><\/p>\n<p><strong>Dienstag, 14.10.2014, Uni-Freiburg, HS 1098, 20 Uhr, Eintritt 2,50\u20ac<\/strong><\/p>\n<p><a href=\"https:\/\/www.fffr.de\/fff-docs\/2014\/Strutynski_Flyer_2014-10-14.pdf\" target=\"_blank\">Flyer PDF<\/a><\/p>\n<p><a href=\"https:\/\/www.fffr.de\/fff-docs\/2014\/Strutynski_Poster_2014-10-14.pdf\" target=\"_blank\">Plakat PDF<\/a><\/p>\n<p>Beinahe t\u00e4glich fliegen unbemannte Drohnen ihre von der \u00f6ffentlichkeit weitgehend unbemerkten Eins\u00e4tze.\u00a0 Vor Bildschirmen sitzende Milit\u00e4rs t\u00f6ten per Mausklick nach politischen Vorgaben.\u00a0 Hier entscheidet Ankl\u00e4ger und Richter in einer Person \u00fcber leben und Tod anderer Menschen fern der eigenen Lebenswelt.<!--more-->\u00a0 Peter Strutynski liefert fundierte Hintergundinformationene zu einer von der T\u00e4terseite entmenschlichten Form des digitalen Krieges.<\/p>\n<p><strong>Referent<\/strong><\/p>\n<p>Der Politikwissenschaftler und Friedensforscher Dr. Peter Strutynski leitet die unabh\u00e4ngige AG Friedensforschung an der Universit\u00e4t Kassel.\u00a0 Als Sprecher des Bundesausschusses Friedensratschlag und Herausgeber der &#8222;Kasseler Schriften zur Friedenspolitik&#8220; organisierte er den seit 1994 j\u00e4hrlich an der Universit\u00e4t Kassel stattfindenden &#8222;Friedenspolitischen Ratschlag&#8220;.<\/p>\n<p>&nbsp;<\/p>\n<p>Cafe Palestine Freiburg e.V.<\/p>\n<p>www.cafepalestinefreiburg.blogspot.de<\/p>\n<p>Kooperation mit dem Freiburger Friedensforum<\/p>\n<p>&nbsp;<\/p>\n<p>&nbsp;<\/p>\n","protected":false},"excerpt":{"rendered":"<p>T\u00f6ten per Fernbedienung &#8211; Kampfdrohnen im weltweiten Schattenkrieg Vortrag mit Dr. Peter Strutynski Dienstag, 14.10.2014, Uni-Freiburg, HS 1098, 20 Uhr, Eintritt 2,50\u20ac Flyer PDF Plakat PDF Beinahe t\u00e4glich fliegen unbemannte Drohnen ihre von der \u00f6ffentlichkeit weitgehend unbemerkten Eins\u00e4tze.\u00a0 Vor Bildschirmen sitzende Milit\u00e4rs t\u00f6ten per Mausklick nach politischen Vorgaben.\u00a0 Hier entscheidet Ankl\u00e4ger und Richter in einer [&hellip;]<\/p>\n","protected":false},"author":3,"featured_media":0,"comment_status":"closed","ping_status":"closed","sticky":false,"template":"","format":"standard","meta":{"footnotes":""},"categories":[6,4,22],"tags":[],"class_list":["post-2185","post","type-post","status-publish","format-standard","hentry","category-allgemeines","category-friedensforum","category-infoveranstaltung","entry"],"_links":{"self":[{"href":"https:\/\/www.fffr.de\/index.php?rest_route=\/wp\/v2\/posts\/2185","targetHints":{"allow":["GET"]}}],"collection":[{"href":"https:\/\/www.fffr.de\/index.php?rest_route=\/wp\/v2\/posts"}],"about":[{"href":"https:\/\/www.fffr.de\/index.php?rest_route=\/wp\/v2\/types\/post"}],"author":[{"embeddable":true,"href":"https:\/\/www.fffr.de\/index.php?rest_route=\/wp\/v2\/users\/3"}],"replies":[{"embeddable":true,"href":"https:\/\/www.fffr.de\/index.php?rest_route=%2Fwp%2Fv2%2Fcomments&post=2185"}],"version-history":[{"count":1,"href":"https:\/\/www.fffr.de\/index.php?rest_route=\/wp\/v2\/posts\/2185\/revisions"}],"predecessor-version":[{"id":2186,"href":"https:\/\/www.fffr.de\/index.php?rest_route=\/wp\/v2\/posts\/2185\/revisions\/2186"}],"wp:attachment":[{"href":"https:\/\/www.fffr.de\/index.php?rest_route=%2Fwp%2Fv2%2Fmedia&parent=2185"}],"wp:term":[{"taxonomy":"category","embeddable":true,"href":"https:\/\/www.fffr.de\/index.php?rest_route=%2Fwp%2Fv2%2Fcategories&post=2185"},{"taxonomy":"post_tag","embeddable":true,"href":"https:\/\/www.fffr.de\/index.php?rest_route=%2Fwp%2Fv2%2Ftags&post=2185"}],"curies":[{"name":"wp","href":"https:\/\/api.w.org\/{rel}","templated":true}]}}