{"id":2555,"date":"2018-08-24T15:00:42","date_gmt":"2018-08-24T13:00:42","guid":{"rendered":"http:\/\/www.fffr.de\/?p=2555"},"modified":"2018-08-25T18:09:57","modified_gmt":"2018-08-25T16:09:57","slug":"antikriegstag-am-samstag-1-september-in-freiburg","status":"publish","type":"post","link":"https:\/\/www.fffr.de\/?p=2555","title":{"rendered":"Antikriegstag am Samstag, 1. September in Freiburg"},"content":{"rendered":"<p lang=\"zxx\" align=\"center\"><span style=\"color: #00000a;\"><span style=\"font-family: Liberation Sans, sans-serif;\"><span style=\"font-size: xx-large;\"><b>Antikriegstag 1. September 2018 <\/b><\/span><\/span><\/span><\/p>\n<p lang=\"zxx\" align=\"center\"><span style=\"color: #00000a;\"><span style=\"font-family: Liberation Sans, sans-serif;\"><span style=\"font-size: large;\"><b>Kundgebung und Demonstration<\/b><\/span><\/span><\/span><\/p>\n<p lang=\"zxx\" align=\"center\"><span style=\"color: #00000a;\"><span style=\"font-family: Liberation Sans, sans-serif;\"><span style=\"font-size: large;\"><b>Samstag, 1. September, 17.30h am Mahnmal f\u00fcr die Opfer des Nationalsozialismus, Ecke Rathausgasse, Rotteckring<\/b><\/span><\/span><\/span><\/p>\n<p lang=\"zxx\" align=\"center\"><span style=\"color: #00000a;\"><span style=\"font-family: Liberation Sans, sans-serif;\"><span style=\"font-size: large;\"><b>Es reden: Klaus Schittich, Friedensforum * Bernd Wagner, DGB Freiburg * <\/b><\/span><\/span><\/span><\/p>\n<p lang=\"zxx\" align=\"center\"><span style=\"color: #00000a;\"><span style=\"font-family: Liberation Sans, sans-serif;\"><span style=\"font-size: large;\"><b>Dr. Christian Stahmann, Evangelischer Schuldekan * eine Vertreterin des Seebr\u00fccke-B\u00fcndnis<br \/>\n<\/b><\/span><\/span><\/span><\/p>\n<p lang=\"zxx\" align=\"center\"><span style=\"color: #00000a;\"><span style=\"font-family: Liberation Sans, sans-serif;\"><span style=\"font-size: large;\"><b>Musik: Theo Ziegler <\/b><\/span><\/span><\/span><\/p>\n<p lang=\"zxx\" align=\"center\"><span style=\"color: #0f243e;\"><span style=\"font-family: Liberation Sans, sans-serif;\"><span style=\"font-size: large;\"><b>Verantwortung f\u00fcr Frieden in der Welt \u00fcbernehmen, F\u00fcr Dialog und Entspannung, V\u00f6lkerrecht st\u00e4rken!<\/b><\/span><\/span><\/span><\/p>\n<p lang=\"zxx\"><span style=\"color: #00000a;\"><span style=\"font-family: Liberation Sans, sans-serif;\"><span style=\"font-size: medium;\">Am 1. September 1939 \u00fcberfielen deutsche Truppen Polen und l\u00f6sten den 2. Weltkrieg aus. Seit 1957 ist dieser Tag als Antikriegstag ein Tag der Erinnerung, der Mahnung und des Strebens nach Frieden. \u201eNie wieder Faschismus &#8211; nie wieder Krieg\u201c, lautete das Verm\u00e4chtnis der \u00dcberlebenden der NS-Diktatur. Aber: Unter dem Siegel mehr Verantwortung in der Welt zu \u00fcbernehmen, setzt die Bundesregierung weiterhin auf Aufr\u00fcstung und Kriegseins\u00e4tze und folgt dem Diktat der USA die R\u00fcstungsausgaben bis 2024 zu verdoppeln. Dagegen steht das Friedensgebot im Grundgesetz. Fast 2 Billionen Dollar werden weltweit in R\u00fcstung gesteckt. Die R\u00fcstungsindustrie erfreut sich riesiger Profite. Vom US &#8211; Milit\u00e4rst\u00fctzpunkt Ramstein werden v\u00f6lkerrechtswidrig Drohnen in Zielgebiete \u00fcberall in der Welt geleitet. Zivile gewaltfreie Konfliktl\u00f6sungen sind so viel wie kein Thema. Die BRD ist weltweit an 17 milit\u00e4rischen Interventionen beteiligt. Von Deutschland geht Krieg aus. Nationalistische, kriegerische und protektionistische T\u00f6ne bestimmen die US-Politik unter Trump. Internationale Vertr\u00e4ge werden gek\u00fcndigt. Konventionen, wie das V\u00f6lkerrecht und diplomatischer Anstand werden missachtet. <\/span><\/span><\/span><\/p>\n<p lang=\"zxx\"><span style=\"color: #00000a;\"><span style=\"font-family: Liberation Sans, sans-serif;\"><span style=\"font-size: medium;\">Die Rechtsentwicklung und das Wiederaufleben neonazistischer Gruppen in Europa, auch bei uns, sind Folgen einer widerspr\u00fcchlichen von Interessensgegens\u00e4tzen geleiteten Politik von Regierungen, Parteien, sowie wirtschaftlichen und finanziellen Krisen in Europa. Diesen Gefahren gilt es durch Aufkl\u00e4rung und zivilen Widerstand zu entgegnen.<\/span><\/span><\/span><\/p>\n<p lang=\"zxx\" align=\"justify\"><span style=\"color: #00000a;\"><span style=\"font-family: Liberation Sans, sans-serif;\"><span style=\"font-size: medium;\">Die Militarisierung nach Innen zeigt sich im Werbefeldzug der Bundeswehr an Schulen, Hochschulen, Berufsberatung, bei Ausbildungs- und Jobmessen. 40 Millionen Euro gibt die Bundeswehr j\u00e4hrlich daf\u00fcr aus. \u00dcber 3000 Minderj\u00e4hrige hat die Bundeswehr rekrutiert, ein Versto\u00df gegen die internationale Kinderrechtskonvention. Ein Zwangsdienst f\u00fcr alle Jugendlichen soll eingef\u00fchrt werden. Ein neues Polizeigesetz kann Menschen auf Verdacht in Haft nehmen. Demokratie und Rechtsstaat sind in Gefahr. <\/span><\/span><\/span><\/p>\n<p lang=\"zxx\" align=\"justify\"><span style=\"color: #00000a;\"><span style=\"font-family: Liberation Sans, sans-serif;\"><span style=\"font-size: medium;\">In B\u00fcchel befinden sich US-amerikanische Atomwaffen, deren Einsatz von deutschen Tornados aus ge\u00fcbt wird (atomare Beteiligung). USA und Russland modernisieren ihre Atomwaffen. Hiroshima und Nagasaki mahnen uns alle.<\/span><\/span><\/span><\/p>\n<p lang=\"zxx\" align=\"justify\"><span style=\"font-family: Liberation Sans, sans-serif;\"><span style=\"font-size: medium;\">Nachdem eine Scheinl\u00f6sung im Atomkonflikt mit Nordkorea das Image von Trump verbessern sollte, eskaliert nun der Konflikt mit dem Iran. US-Pr\u00e4sident Trump k\u00fcndigte einseitig das Atomabkommen mit dem Iran und erhob Sanktionen unter denen besonders die Zivilgesellschaft leidet. <\/span><\/span><\/p>\n<p lang=\"zxx\" align=\"justify\"><span style=\"color: #00000a;\"><span style=\"font-family: Liberation Sans, sans-serif;\"><span style=\"font-size: medium;\">Der Ukraine-Konflikt ist ungel\u00f6st und bedroht den Frieden in Europa. Die Man\u00f6ver der NATO in Osteuropa tragen nicht zur Entspannung und gegenseitigen Vertrauen bei. Es bedarf einer europ\u00e4ischen Friedensl\u00f6sung, die auf Gewalt verzichtet, nach dem Vorbild der Ostvertr\u00e4ge unter der Regierung Brandt.<\/span><\/span><\/span><\/p>\n<p lang=\"zxx\" align=\"justify\"><span style=\"color: #00000a;\"><span style=\"font-family: Liberation Sans, sans-serif;\"><span style=\"font-size: medium;\">Folgen milit\u00e4rischer Konfliktl\u00f6sungen: weltweit sind mehr als 68,5 Millionen Menschen auf der Flucht. Sie fliehen vor Kriegen, D\u00fcrre, \u00f6kologischen Katastrophen, Verfolgung Hunger. Daf\u00fcr sind u. a. Deutschland und Europa mitverantwortlich. Mit der Festung Europa wird das Mittelmeer zum Grab f\u00fcr tausende Menschen. Noch nicht schlimm genug \u2013 wird die Seenotrettung sogar verhindert und kriminalisiert. Viele Gefl\u00fcchtete darben eingesperrt in Elendslagern, z. B. in Libyen, unter unmenschlichen, KZ-\u00e4hnlichen Zust\u00e4nden. Nach dem V\u00f6lkerrecht ist Solidarit\u00e4t mit Gefl\u00fcchteten eine humanit\u00e4re Pflicht. Eine Welt des Friedens, der Freiheit und der Menschlichkeit entsteht dort, wo Menschen f\u00fcr Fl\u00fcchtlinge eintreten.<\/span><\/span><\/span><\/p>\n<p lang=\"zxx\"><span style=\"color: #00000a;\">\u00a0\u00a0<span style=\"font-family: Liberation Sans, sans-serif;\"><b>Wir verlangen von der Bundesregierung:<\/b><\/span><\/span><\/p>\n<ul>\n<li>\n<p lang=\"zxx\"><span style=\"color: #00000a;\"><span style=\"font-family: Liberation Sans, sans-serif;\"><b>Einstellung aller milit\u00e4rischen Auslandseins\u00e4tze.<\/b><\/span><\/span><\/p>\n<\/li>\n<li>\n<p lang=\"zxx\"><span style=\"color: #00000a;\"><span style=\"font-family: Liberation Sans, sans-serif;\"><b>Abr\u00fcstung statt Aufr\u00fcstung zugunsten von Sozialem, Bildung, Gesundheit, Wohnen.<\/b><\/span><\/span><\/p>\n<\/li>\n<li>\n<p lang=\"zxx\"><span style=\"color: #00000a;\"><span style=\"font-family: Liberation Sans, sans-serif;\"><b>Verbot von R\u00fcstungsexporte besonders in menschenrechtsverletzende Staaten.<\/b><\/span><\/span><\/p>\n<\/li>\n<li>\n<p lang=\"zxx\"><span style=\"color: #00000a;\"><span style=\"font-family: Liberation Sans, sans-serif;\"><b>\u00c4chtung von Kampfdrohnen.<\/b><\/span><\/span><\/p>\n<\/li>\n<li>\n<p lang=\"zxx\"><span style=\"color: #00000a;\"><span style=\"font-family: Liberation Sans, sans-serif;\"><b>F\u00fcr eine humane Fl\u00fcchtlings- und Asylpolitik und legale Fluchtwege.<\/b><\/span><\/span><\/p>\n<\/li>\n<li>\n<p lang=\"zxx\"><span style=\"color: #00000a;\"><span style=\"font-family: Liberation Sans, sans-serif;\"><b>Stopp aller Abschiebungen in Kriegsgebiete wie Afghanistan.<\/b><\/span><\/span><\/p>\n<\/li>\n<li>\n<p lang=\"zxx\"><span style=\"color: #00000a;\"><span style=\"font-family: Liberation Sans, sans-serif;\"><b>Solidarit\u00e4t mit Fl\u00fcchtlingen durch Integration in Arbeit und Ausbildung.<\/b><\/span><\/span><\/p>\n<\/li>\n<li>\n<p lang=\"zxx\"><span style=\"color: #00000a;\"><span style=\"font-family: Liberation Sans, sans-serif;\"><b>Unterzeichnung des UNO-Vertrages zum Verbot von Atomwaffen.<\/b><\/span><\/span><\/p>\n<\/li>\n<li>\n<p lang=\"zxx\"><span style=\"color: #00000a;\"><span style=\"font-family: Liberation Sans, sans-serif;\"><b>Abzug der amerikanischen Atomwaffen aus B\u00fcchel in der Pfalz.<\/b><\/span><\/span><\/p>\n<\/li>\n<li>\n<p lang=\"zxx\"><span style=\"color: #00000a;\"><span style=\"font-family: Liberation Sans, sans-serif;\"><b>Einstellung der NATO-Man\u00f6ver an den Grenzen Russlands.<\/b><\/span><\/span><\/p>\n<\/li>\n<li>\n<p lang=\"zxx\"><span style=\"color: #00000a;\"><span style=\"font-family: Liberation Sans, sans-serif;\"><b>Beendigung der Konfrontationspolitik mit Russland.<\/b><\/span><\/span><\/p>\n<\/li>\n<li>\n<p lang=\"zxx\"><span style=\"color: #00000a;\"><span style=\"font-family: Liberation Sans, sans-serif;\"><b>Bek\u00e4mpfung neonazistischer Parteien und Organisationen.<\/b><\/span><\/span><\/p>\n<\/li>\n<\/ul>\n<p lang=\"zxx\"><span style=\"color: #00000a;\"><span style=\"font-family: Liberation Sans, sans-serif;\"><span style=\"font-size: large;\"><b>Wir wollen Dialog, weltweite Abr\u00fcstung, zivile Konfliktl\u00f6sungen, vertrauensbildende Ma\u00dfnahmen. F\u00fcr ein System gemeinsamer Sicherheit in Europa und in der Welt, eine gerechte Weltwirtschaftsordnung und fairen Handel. In diesem Sinne muss die Bundesregierung endlich aktiv werden. <\/b><\/span><\/span><\/span><\/p>\n<p lang=\"zxx\" align=\"justify\"><span style=\"color: #0f243e;\"><span style=\"font-family: Liberation Sans, sans-serif;\"><b>ViSdP: Freiburger Friedensforum, St\u00fchlingerstr. 7, 79106 Freiburg, Max Heinke<\/b><\/span><\/span><\/p>\n","protected":false},"excerpt":{"rendered":"<p>Antikriegstag 1. September 2018 Kundgebung und Demonstration Samstag, 1. September, 17.30h am Mahnmal f\u00fcr die Opfer des Nationalsozialismus, Ecke Rathausgasse, Rotteckring Es reden: Klaus Schittich, Friedensforum * Bernd Wagner, DGB Freiburg * Dr. Christian Stahmann, Evangelischer Schuldekan * eine Vertreterin des Seebr\u00fccke-B\u00fcndnis Musik: Theo Ziegler Verantwortung f\u00fcr Frieden in der Welt \u00fcbernehmen, F\u00fcr Dialog und [&hellip;]<\/p>\n","protected":false},"author":3,"featured_media":0,"comment_status":"closed","ping_status":"closed","sticky":false,"template":"","format":"standard","meta":{"footnotes":""},"categories":[6,4],"tags":[],"class_list":["post-2555","post","type-post","status-publish","format-standard","hentry","category-allgemeines","category-friedensforum","entry"],"_links":{"self":[{"href":"https:\/\/www.fffr.de\/index.php?rest_route=\/wp\/v2\/posts\/2555","targetHints":{"allow":["GET"]}}],"collection":[{"href":"https:\/\/www.fffr.de\/index.php?rest_route=\/wp\/v2\/posts"}],"about":[{"href":"https:\/\/www.fffr.de\/index.php?rest_route=\/wp\/v2\/types\/post"}],"author":[{"embeddable":true,"href":"https:\/\/www.fffr.de\/index.php?rest_route=\/wp\/v2\/users\/3"}],"replies":[{"embeddable":true,"href":"https:\/\/www.fffr.de\/index.php?rest_route=%2Fwp%2Fv2%2Fcomments&post=2555"}],"version-history":[{"count":3,"href":"https:\/\/www.fffr.de\/index.php?rest_route=\/wp\/v2\/posts\/2555\/revisions"}],"predecessor-version":[{"id":2558,"href":"https:\/\/www.fffr.de\/index.php?rest_route=\/wp\/v2\/posts\/2555\/revisions\/2558"}],"wp:attachment":[{"href":"https:\/\/www.fffr.de\/index.php?rest_route=%2Fwp%2Fv2%2Fmedia&parent=2555"}],"wp:term":[{"taxonomy":"category","embeddable":true,"href":"https:\/\/www.fffr.de\/index.php?rest_route=%2Fwp%2Fv2%2Fcategories&post=2555"},{"taxonomy":"post_tag","embeddable":true,"href":"https:\/\/www.fffr.de\/index.php?rest_route=%2Fwp%2Fv2%2Ftags&post=2555"}],"curies":[{"name":"wp","href":"https:\/\/api.w.org\/{rel}","templated":true}]}}