{"id":2725,"date":"2019-10-22T16:53:09","date_gmt":"2019-10-22T14:53:09","guid":{"rendered":"http:\/\/www.fffr.de\/?p=2725"},"modified":"2019-10-22T16:53:09","modified_gmt":"2019-10-22T14:53:09","slug":"haende-weg-von-rojava","status":"publish","type":"post","link":"https:\/\/www.fffr.de\/?p=2725","title":{"rendered":"H\u00e4nde Weg von Rojava!"},"content":{"rendered":"<p>Sofortiges Ende der deutschen R\u00fcstungsexporte in die T\u00fcrkei und<br \/>\n\u00fcberhaupt!!<\/p>\n<p>Der Widerstand braucht Unterst\u00fctzung:<\/p>\n<p>Mittwoch, 23.10.19 17 Uhr Rathausplatz; Kundgebung<\/p>\n<p>Donnerstag, <span class=\"cmp_parsed_date\" data-cmp_parsed_date=\"2019-10-24\" data-ce-class=\"Dates\">24.10.19<\/span> Kundgebung 18.30 Uhr, Platz der Alten Synagoge;<\/p>\n<p>Freitag <span class=\"cmp_parsed_date\" data-cmp_parsed_date=\"2019-10-25\" data-ce-class=\"Dates\">25.10.19<\/span>, 17 Uhr, Kundgebung,Platz der Alten Synagoge;<\/p>\n<p>anschlie\u00dfend 18 Uhr St\u00fchlinger Kirchplatz, Demo gegen das neue Polizeigesetz;<\/p>\n<p>Samstag, 26.10.19, 16 Uhr Gro\u00dfdemo, Platz der Alten Synagoge;<\/p>\n<p>Sonntag, 27.10.19, 19 Uhr B\u00fcndnistreffen, SUSI &#8211; Treff, Vaubanallee 2, <span class=\"cmp_parsed_location\" data-cmp_parsed_location_name=\"Freiburg\" data-cmp_parsed_location_weather=\"K08311000\" data-cmp_parsed_location_other=\"1\" data-ce-class=\"Locations\">Freiburg<\/span>;<\/p>\n<p>Freitag, <span class=\"cmp_parsed_date\" data-cmp_parsed_date=\"2019-11-01\" data-ce-class=\"Dates\">1.11.19<\/span>: zum Welt-Kobane-Tag<\/p>\n<p>15 Uhr FLTI* &#8211; Kundgebung gegen Militarismus und f\u00fcr<br \/>\nFrauenorganisierung nicht nur in Rojava; Platz der Alten Synagoge;<\/p>\n<p>18.30 Uhr kurdische Vok\u00fc, SUSI-Cafe, Vaubanallee 2 mit Infos zu Rojava<\/p>\n<p>Medizinische Versorgung braucht Geld:<\/p>\n<p>medico international unterst\u00fctzt Projekte vor Ort:<\/p>\n<p>DE 21 5005 0201 0000 0018 00, Stichwort: Rojava<\/p>\n<p>&#8212;<br \/>\nKurdistan Solidarit\u00e4tskomitee <span class=\"cmp_parsed_location\" data-cmp_parsed_location_name=\"Freiburg\" data-cmp_parsed_location_weather=\"K08311000\" data-cmp_parsed_location_other=\"1\" data-ce-class=\"Locations\">Freiburg<\/span><\/p>\n","protected":false},"excerpt":{"rendered":"<p>Sofortiges Ende der deutschen R\u00fcstungsexporte in die T\u00fcrkei und \u00fcberhaupt!! Der Widerstand braucht Unterst\u00fctzung: Mittwoch, 23.10.19 17 Uhr Rathausplatz; Kundgebung Donnerstag, 24.10.19 Kundgebung 18.30 Uhr, Platz der Alten Synagoge; Freitag 25.10.19, 17 Uhr, Kundgebung,Platz der Alten Synagoge; anschlie\u00dfend 18 Uhr St\u00fchlinger Kirchplatz, Demo gegen das neue Polizeigesetz; Samstag, 26.10.19, 16 Uhr Gro\u00dfdemo, Platz der Alten [&hellip;]<\/p>\n","protected":false},"author":3,"featured_media":0,"comment_status":"closed","ping_status":"closed","sticky":false,"template":"","format":"standard","meta":{"footnotes":""},"categories":[6,4,16],"tags":[],"class_list":["post-2725","post","type-post","status-publish","format-standard","hentry","category-allgemeines","category-friedensforum","category-termine","entry"],"_links":{"self":[{"href":"https:\/\/www.fffr.de\/index.php?rest_route=\/wp\/v2\/posts\/2725","targetHints":{"allow":["GET"]}}],"collection":[{"href":"https:\/\/www.fffr.de\/index.php?rest_route=\/wp\/v2\/posts"}],"about":[{"href":"https:\/\/www.fffr.de\/index.php?rest_route=\/wp\/v2\/types\/post"}],"author":[{"embeddable":true,"href":"https:\/\/www.fffr.de\/index.php?rest_route=\/wp\/v2\/users\/3"}],"replies":[{"embeddable":true,"href":"https:\/\/www.fffr.de\/index.php?rest_route=%2Fwp%2Fv2%2Fcomments&post=2725"}],"version-history":[{"count":4,"href":"https:\/\/www.fffr.de\/index.php?rest_route=\/wp\/v2\/posts\/2725\/revisions"}],"predecessor-version":[{"id":2729,"href":"https:\/\/www.fffr.de\/index.php?rest_route=\/wp\/v2\/posts\/2725\/revisions\/2729"}],"wp:attachment":[{"href":"https:\/\/www.fffr.de\/index.php?rest_route=%2Fwp%2Fv2%2Fmedia&parent=2725"}],"wp:term":[{"taxonomy":"category","embeddable":true,"href":"https:\/\/www.fffr.de\/index.php?rest_route=%2Fwp%2Fv2%2Fcategories&post=2725"},{"taxonomy":"post_tag","embeddable":true,"href":"https:\/\/www.fffr.de\/index.php?rest_route=%2Fwp%2Fv2%2Ftags&post=2725"}],"curies":[{"name":"wp","href":"https:\/\/api.w.org\/{rel}","templated":true}]}}