{"id":2749,"date":"2019-12-01T12:31:34","date_gmt":"2019-12-01T10:31:34","guid":{"rendered":"http:\/\/www.fffr.de\/?p=2749"},"modified":"2019-12-01T12:31:34","modified_gmt":"2019-12-01T10:31:34","slug":"erklaerung-des-freiburger-friedensforums-zur-aberkennung-der-gemeinnuetzigkeit-des-bundesverbandes-der-vvn-bda-vereinigung-der-verfolgten-des-naziregimes-bund-der-antifaschistinnen-und-antifaschist","status":"publish","type":"post","link":"https:\/\/www.fffr.de\/?p=2749","title":{"rendered":"Erkl\u00e4rung des Freiburger Friedensforums zur Aberkennung der Gemeinn\u00fctzigkeit des Bundesverbandes der VVN-BDA (Vereinigung der Verfolgten des Naziregimes &#8211; Bund der Antifaschistinnen und Antifaschisten)"},"content":{"rendered":"<p>Die Aberkennung der Gemeinn\u00fctzigkeit des Bundesverbandes der VVN-BdA ist ein massiver Angriff auf alle antifaschistische Organisationen und alle Demokratinnen und Demokraten. Dies geschieht in einer Zeit, in der Neonazis und Rassisten immer aggressiver gegen Migrantinnen und Migranten und ihre politischen Gegnerinnen und Gegner vorgehen und dabei nicht einmal vor Morden Halt machen. Der Entzug der Gemeinn\u00fctzigkeit der VVN-BdA ist ein verheerendes politisches Signal.<br \/>\nWir erinnern: Es waren die \u00dcberlebenden der Konzentrationslager und Gef\u00e4ngnisse, welche die VVN-BdA 1947 gr\u00fcndeten. Sie ist seitdem die gr\u00f6\u00dfte, \u00e4lteste, \u00fcberparteiliche und \u00fcberkonfessionelle Organisation von Antifaschistinnen und Antifaschisten in Deutschland. Zugleich vertritt sie die Interessen von Verfolgten und Widerstandsk\u00e4mpfern, sowie deren Nachkommen, tritt f\u00fcr Frieden und V\u00f6lkerverst\u00e4ndigung ein und hat gegen gro\u00dfe gesellschaftliche Widerst\u00e4nde wesentlich mit daf\u00fcr gesorgt, dass die Verbrechen des Naziregimes nicht in Vergessenheit geraten sind. Wer Antifaschistinnen und Antifaschisten die Gemeinn\u00fctzigkeit entzieht oder dies als politischer Entscheidungstr\u00e4ger zul\u00e4sst, mi\u00dfachtet das Wirken der Holocaust-\u00dcberlebenden und Widerstandsk\u00e4mpfer, darunter auch viele Tr\u00e4ger des Bundesverdienstkreuzes, auf eine nicht zu entschuldigende Art und schw\u00e4cht die demokratischen Kr\u00e4fte.<br \/>\nWir erwarten von Bundesfinanzminister Olaf Scholz (SPD), dass die Gemeinn\u00fctzigkeit von Organisationen wie der VVN-BdA, dem globalisierungskritischen Netzwerk Attac und dem Kampagnennetzwerk Campact dauerhaft anerkannt wird. Tut er das nicht, l\u00e4sst er zu, dass die Arbeit demokratischen Organisationen, die zum gesamtgesellschaftlichen Gemeinwohl beitragen, erschwert und behindert wird. Und er f\u00f6rdert indirekt Neonazis und Rassisten aller Couleur.<\/p>\n<p>Freiburg, den 28.November 2019<br \/>\nwww.fffr.de<\/p>\n","protected":false},"excerpt":{"rendered":"<p>Die Aberkennung der Gemeinn\u00fctzigkeit des Bundesverbandes der VVN-BdA ist ein massiver Angriff auf alle antifaschistische Organisationen und alle Demokratinnen und Demokraten. Dies geschieht in einer Zeit, in der Neonazis und Rassisten immer aggressiver gegen Migrantinnen und Migranten und ihre politischen Gegnerinnen und Gegner vorgehen und dabei nicht einmal vor Morden Halt machen. Der Entzug der [&hellip;]<\/p>\n","protected":false},"author":3,"featured_media":0,"comment_status":"closed","ping_status":"closed","sticky":false,"template":"","format":"standard","meta":{"footnotes":""},"categories":[6,4],"tags":[],"class_list":["post-2749","post","type-post","status-publish","format-standard","hentry","category-allgemeines","category-friedensforum","entry"],"_links":{"self":[{"href":"https:\/\/www.fffr.de\/index.php?rest_route=\/wp\/v2\/posts\/2749","targetHints":{"allow":["GET"]}}],"collection":[{"href":"https:\/\/www.fffr.de\/index.php?rest_route=\/wp\/v2\/posts"}],"about":[{"href":"https:\/\/www.fffr.de\/index.php?rest_route=\/wp\/v2\/types\/post"}],"author":[{"embeddable":true,"href":"https:\/\/www.fffr.de\/index.php?rest_route=\/wp\/v2\/users\/3"}],"replies":[{"embeddable":true,"href":"https:\/\/www.fffr.de\/index.php?rest_route=%2Fwp%2Fv2%2Fcomments&post=2749"}],"version-history":[{"count":1,"href":"https:\/\/www.fffr.de\/index.php?rest_route=\/wp\/v2\/posts\/2749\/revisions"}],"predecessor-version":[{"id":2750,"href":"https:\/\/www.fffr.de\/index.php?rest_route=\/wp\/v2\/posts\/2749\/revisions\/2750"}],"wp:attachment":[{"href":"https:\/\/www.fffr.de\/index.php?rest_route=%2Fwp%2Fv2%2Fmedia&parent=2749"}],"wp:term":[{"taxonomy":"category","embeddable":true,"href":"https:\/\/www.fffr.de\/index.php?rest_route=%2Fwp%2Fv2%2Fcategories&post=2749"},{"taxonomy":"post_tag","embeddable":true,"href":"https:\/\/www.fffr.de\/index.php?rest_route=%2Fwp%2Fv2%2Ftags&post=2749"}],"curies":[{"name":"wp","href":"https:\/\/api.w.org\/{rel}","templated":true}]}}