{"id":2755,"date":"2020-01-30T21:08:58","date_gmt":"2020-01-30T19:08:58","guid":{"rendered":"http:\/\/www.fffr.de\/?p=2755"},"modified":"2020-01-30T21:08:58","modified_gmt":"2020-01-30T19:08:58","slug":"verfahren-zum-widerstand-gegen-atomwaffen-in-buechel","status":"publish","type":"post","link":"https:\/\/www.fffr.de\/?p=2755","title":{"rendered":"Verfahren zum Widerstand gegen Atomwaffen in B\u00fcchel"},"content":{"rendered":"<p class=\"western\"><span style=\"font-family: Calibri, serif;\"><span style=\"font-size: small;\"><i>Landgericht Koblenz<\/i><\/span><\/span><\/p>\n<p class=\"western\"><span style=\"font-family: Calibri, serif;\"><span style=\"font-size: small;\"><i>Karmeliterstra\u00dfe 14 <\/i><\/span><\/span><\/p>\n<p class=\"western\"><span style=\"font-family: Calibri, serif;\"><span style=\"font-size: small;\"><i><b>56068 Koblenz<\/b><\/i><\/span><\/span><\/p>\n<p class=\"western\"><span style=\"font-family: Calibri, serif;\"><span style=\"font-size: small;\"><i><b>Betr: Berufungsverfahren zum gewaltfreien zivilen Widerstand gegen v\u00f6lkerrechtswidrige<\/b><\/i><\/span><\/span><\/p>\n<p class=\"western\"><span style=\"font-family: Calibri, serif;\"><span style=\"font-size: small;\"><i><b>Stationierung von Atomwaffen in B\u00fcchel<\/b><\/i><\/span><\/span><\/p>\n<p class=\"western\"><span style=\"font-family: Calibri, serif;\"><span style=\"font-size: small;\"><i>Sehr geehrte Damen und Herren,<\/i><\/span><\/span><\/p>\n<p class=\"western\"><span style=\"font-family: Calibri, serif;\"><span style=\"font-size: small;\"><i>am 4.2.2020 werden erneut f\u00fcnf Atomwaffengegner im Berufungsverfahren vor Ihrem Gericht f\u00fcr ihren gewaltfreien zivilen Widerstand gegen die v\u00f6lkerrechtswidrige Stationierung von Atomwaffen am Milit\u00e4rstandort B\u00fcchel angeklagt.<\/i><\/span><\/span><\/p>\n<p class=\"western\"><span style=\"font-family: Calibri, serif;\"><span style=\"font-size: small;\"><i>Wir halten dies f\u00fcr einen Skandal, dass nicht jene angeklagt werden, die die Erf\u00fcllung des Atomwaffensperrvertrages in Form von \u201enuklearen Teilhabe\u201c missachten und die t\u00e4glich den Atomkrieg \u00fcben und vorbereiten, sondern Menschen, die sich dagegen auflehnen und mit friedlichen Mitteln den Milit\u00e4rst\u00fctzpunkt unautorisiert betreten haben.<\/i><\/span><\/span><\/p>\n<p class=\"western\"><span style=\"font-family: Calibri, serif;\"><span style=\"font-size: small;\"><i>Diese Atomkriegsgegner verdienen h\u00f6chste Anerkennung und Respekt, so wie es durch die Auszeichnung f\u00fcr ICAN zur Abschaffung der Atomwaffen mit dem Friedensnobelpreis 2017 durch das Nobel-Komitee beispielhaft geschehen ist. Atomwaffengegner erhalten einerseits den ber\u00fchmten \u201eAachener Friedenspreis\u201c 2019 f\u00fcr die Kampagne \u201eB\u00fcchel ist \u00fcberall! Atomwaffenfrei.jetzt\u201c und viele warme Worte von Politik und Medien. Andererseits werden sie wegen \u00f6ffentlichkeitswirksamen gewaltfreien Aktionen von Justiz und Staatsanwaltschaft angeklagt und mit Strafgeldern belangt. <\/i><\/span><\/span><\/p>\n<p class=\"western\"><span style=\"font-family: Calibri, serif;\"><span style=\"font-size: small;\"><i>Es kann nicht sein, dass von deutschem Boden wieder Krieg ausgeht, <\/i><\/span><\/span><\/p>\n<ul>\n<li><span style=\"font-family: Calibri, serif;\"><span style=\"font-size: small;\"><i>so von der US-Airbase Ramstein als Start- und Nachschubbasis f\u00fcr Kriege im Nahen Osten <\/i><\/span><\/span><\/li>\n<li><span style=\"font-family: Calibri, serif;\"><span style=\"font-size: small;\"><i>durch die US-Airbase Ramstein als Relais-Station f\u00fcr Hinrichtungen durch US-Drohnen<\/i><\/span><\/span><\/li>\n<li><span style=\"font-family: Calibri, serif;\"><span style=\"font-size: small;\"><i>Deutschland selbst macht sich im Afghanistan-Krieg in Kundus am Tod von \u00fcber 100 Zivilisten schuldig<\/i><\/span><\/span><\/li>\n<li><span style=\"font-family: Calibri, serif;\"><span style=\"font-size: small;\"><i>Dadurch dass deutsche Soldaten im Rahmen der \u201eNuklearen Teilhabe\u201c den Abwurf von Atombomben \u00fcben.<\/i><\/span><\/span><\/li>\n<\/ul>\n<p class=\"western\"><span style=\"font-family: Calibri, serif;\"><span style=\"font-size: small;\">Politik und Justiz tolerieren diese Verbrechen, die von deutschem Boden ausgehen und Kriegsgegner werden f\u00fcr ihre friedliche Demonstration verurteilt. Wo sind die Richter und Richterinnen, die es endlich wagen, das wirkliche \u00dcbel anzupacken<\/span><\/span><\/p>\n<p class=\"western\"><span style=\"font-family: Calibri, serif;\"><span style=\"font-size: small;\">Wir fordern das Gericht auf, den Beschuldigten Gerechtigkeit widerfahren zu lassen, <\/span><\/span><\/p>\n<p class=\"western\"><span style=\"font-family: Calibri, serif;\"><span style=\"font-size: small;\">die Strafen zur\u00fcckzunehmen und die Angeklagten freizusprechen.<\/span><\/span><\/p>\n","protected":false},"excerpt":{"rendered":"<p>Landgericht Koblenz Karmeliterstra\u00dfe 14 56068 Koblenz Betr: Berufungsverfahren zum gewaltfreien zivilen Widerstand gegen v\u00f6lkerrechtswidrige Stationierung von Atomwaffen in B\u00fcchel Sehr geehrte Damen und Herren, am 4.2.2020 werden erneut f\u00fcnf Atomwaffengegner im Berufungsverfahren vor Ihrem Gericht f\u00fcr ihren gewaltfreien zivilen Widerstand gegen die v\u00f6lkerrechtswidrige Stationierung von Atomwaffen am Milit\u00e4rstandort B\u00fcchel angeklagt. Wir halten dies f\u00fcr einen [&hellip;]<\/p>\n","protected":false},"author":3,"featured_media":0,"comment_status":"closed","ping_status":"closed","sticky":false,"template":"","format":"standard","meta":{"footnotes":""},"categories":[6,20],"tags":[],"class_list":["post-2755","post","type-post","status-publish","format-standard","hentry","category-allgemeines","category-bundeswehr-werbung","entry"],"_links":{"self":[{"href":"https:\/\/www.fffr.de\/index.php?rest_route=\/wp\/v2\/posts\/2755","targetHints":{"allow":["GET"]}}],"collection":[{"href":"https:\/\/www.fffr.de\/index.php?rest_route=\/wp\/v2\/posts"}],"about":[{"href":"https:\/\/www.fffr.de\/index.php?rest_route=\/wp\/v2\/types\/post"}],"author":[{"embeddable":true,"href":"https:\/\/www.fffr.de\/index.php?rest_route=\/wp\/v2\/users\/3"}],"replies":[{"embeddable":true,"href":"https:\/\/www.fffr.de\/index.php?rest_route=%2Fwp%2Fv2%2Fcomments&post=2755"}],"version-history":[{"count":1,"href":"https:\/\/www.fffr.de\/index.php?rest_route=\/wp\/v2\/posts\/2755\/revisions"}],"predecessor-version":[{"id":2756,"href":"https:\/\/www.fffr.de\/index.php?rest_route=\/wp\/v2\/posts\/2755\/revisions\/2756"}],"wp:attachment":[{"href":"https:\/\/www.fffr.de\/index.php?rest_route=%2Fwp%2Fv2%2Fmedia&parent=2755"}],"wp:term":[{"taxonomy":"category","embeddable":true,"href":"https:\/\/www.fffr.de\/index.php?rest_route=%2Fwp%2Fv2%2Fcategories&post=2755"},{"taxonomy":"post_tag","embeddable":true,"href":"https:\/\/www.fffr.de\/index.php?rest_route=%2Fwp%2Fv2%2Ftags&post=2755"}],"curies":[{"name":"wp","href":"https:\/\/api.w.org\/{rel}","templated":true}]}}