{"id":2923,"date":"2022-01-31T18:58:59","date_gmt":"2022-01-31T16:58:59","guid":{"rendered":"https:\/\/www.fffr.de\/?p=2923"},"modified":"2022-01-31T18:58:59","modified_gmt":"2022-01-31T16:58:59","slug":"mittwoch-2-2-2022-1800-uhr-ostermarsch-besprechung","status":"publish","type":"post","link":"https:\/\/www.fffr.de\/?p=2923","title":{"rendered":"Mittwoch, 2.2. 2022, 18:00 Uhr  Ostermarsch-Besprechung"},"content":{"rendered":"<p><a href=\"https:\/\/www.fffr.de\/blog\/wp-content\/uploads\/2022\/01\/EinladungOstermarschBesprechungfinal.pdf\">EinladungOstermarschBesprechungfinal<\/a><\/p>\n<p>Lasst uns 2022 gemeinsam wieder in Freiburg einen Ostermarsch durchf\u00fchren!<br \/>\nKriegsgefahr bannen!<br \/>\nEskalationsspirale, Atom- und Hochr\u00fcstung stoppen! Klima sch\u00fctzen!<br \/>\nF\u00fcr mehr soziale Sicherheit und ein besseres Gesundheitssystem!<br \/>\n* die Gefahr eines Atomkrieges ist heute so gro\u00df, wie niemals seit der Kuba-Krise<br \/>\n* Die Zahl der einsatzbereiten Atomwaffen steigt (8000). Die Vorwarnzeit betr\u00e4gt wenige<br \/>\nMinuten. Hyperschallraketen, modernste Tr\u00e4gersysteme werden gebaut, Kampfdrohnen<br \/>\nteilautonome Waffen und Maschinen entscheiden \u00fcber Tod und Leben der Menschen.<br \/>\n* Feindbilder werden offensiv belebt.<br \/>\n* In Europa sorgen der Ukraine-Konflikt, entgegen dem Versprechen des Westens, die weitere Ausdehnung der Nato nach Osten, f\u00fcr Kriegsgefahr.<br \/>\n* Das beharrliche Ignorieren der Sicherheitsbed\u00fcrfnisse Russlands, einseitige Schuldzuweisungen blockieren die Suche nach friedlichen L\u00f6sungen.<br \/>\n* Es droht eine Eskalation, die schnell au\u00dfer Kontrolle geraten kann. Aufr\u00fcstung ist die falsche Antwort.<br \/>\n* Ein gro\u00dfer Krieg w\u00fcrde auch den Kampf f\u00fcr den Klimaschutz torpedieren und aussichtlos machen.<\/p>\n<p>Wir brauchen dringend eine Politik der Entspannung und Abr\u00fcstung, der vertrauensbildenden<br \/>\nMa\u00dfnahmen und gemeinsamen Sicherheit.<\/p>\n<p>Wir laden ein zur Online-Vorbesprechung !<br \/>\nMittwoch, 2.2. 2022, 18:00 Uhr<br \/>\nhttps:\/\/meet.ffmuc.net\/ostermarsch22-fr<br \/>\nAnmeldung zur Vorbesprechung bitte unter fff@fffr.de oder freiburg@dfg-vk.de<\/p>\n<p>&nbsp;<\/p>\n","protected":false},"excerpt":{"rendered":"<p>EinladungOstermarschBesprechungfinal Lasst uns 2022 gemeinsam wieder in Freiburg einen Ostermarsch durchf\u00fchren! Kriegsgefahr bannen! Eskalationsspirale, Atom- und Hochr\u00fcstung stoppen! Klima sch\u00fctzen! F\u00fcr mehr soziale Sicherheit und ein besseres Gesundheitssystem! * die Gefahr eines Atomkrieges ist heute so gro\u00df, wie niemals seit der Kuba-Krise * Die Zahl der einsatzbereiten Atomwaffen steigt (8000). Die Vorwarnzeit betr\u00e4gt wenige Minuten. [&hellip;]<\/p>\n","protected":false},"author":3,"featured_media":0,"comment_status":"closed","ping_status":"closed","sticky":false,"template":"","format":"standard","meta":{"footnotes":""},"categories":[6,4,16],"tags":[],"class_list":["post-2923","post","type-post","status-publish","format-standard","hentry","category-allgemeines","category-friedensforum","category-termine","entry"],"_links":{"self":[{"href":"https:\/\/www.fffr.de\/index.php?rest_route=\/wp\/v2\/posts\/2923","targetHints":{"allow":["GET"]}}],"collection":[{"href":"https:\/\/www.fffr.de\/index.php?rest_route=\/wp\/v2\/posts"}],"about":[{"href":"https:\/\/www.fffr.de\/index.php?rest_route=\/wp\/v2\/types\/post"}],"author":[{"embeddable":true,"href":"https:\/\/www.fffr.de\/index.php?rest_route=\/wp\/v2\/users\/3"}],"replies":[{"embeddable":true,"href":"https:\/\/www.fffr.de\/index.php?rest_route=%2Fwp%2Fv2%2Fcomments&post=2923"}],"version-history":[{"count":8,"href":"https:\/\/www.fffr.de\/index.php?rest_route=\/wp\/v2\/posts\/2923\/revisions"}],"predecessor-version":[{"id":2932,"href":"https:\/\/www.fffr.de\/index.php?rest_route=\/wp\/v2\/posts\/2923\/revisions\/2932"}],"wp:attachment":[{"href":"https:\/\/www.fffr.de\/index.php?rest_route=%2Fwp%2Fv2%2Fmedia&parent=2923"}],"wp:term":[{"taxonomy":"category","embeddable":true,"href":"https:\/\/www.fffr.de\/index.php?rest_route=%2Fwp%2Fv2%2Fcategories&post=2923"},{"taxonomy":"post_tag","embeddable":true,"href":"https:\/\/www.fffr.de\/index.php?rest_route=%2Fwp%2Fv2%2Ftags&post=2923"}],"curies":[{"name":"wp","href":"https:\/\/api.w.org\/{rel}","templated":true}]}}