{"id":3024,"date":"2023-02-12T20:41:13","date_gmt":"2023-02-12T18:41:13","guid":{"rendered":"https:\/\/www.fffr.de\/?p=3024"},"modified":"2023-02-22T21:41:27","modified_gmt":"2023-02-22T19:41:27","slug":"krieg-klimakatastrophe-ueberlebensfragen-der-menschheit-am-24-februar","status":"publish","type":"post","link":"https:\/\/www.fffr.de\/?p=3024","title":{"rendered":"Krieg &#038; Klimakatastrophe \u2013 \u00dcberlebensfragen der Menschheit: am 24. Februar"},"content":{"rendered":"<p><a href=\"https:\/\/www.fffr.de\/blog\/wp-content\/uploads\/2023\/02\/kukflyer2_a5.pdf\">kukflyer2_a5<\/a><\/p>\n<p><strong>Freitag, 24. Februar 2023<\/strong><\/p>\n<p><strong>16:30 Uhr Friedenskundgebung, Antifaschistisches Mahnmal, <\/strong><strong>Ecke Rathausgasse\/Rotteckring<\/strong><\/p>\n<p><strong>19:00 Uhr,\u00a0 Saal der Kreuzgemeinde, Fehrenbachallee 50\u00a0 <\/strong><\/p>\n<p><strong>Krieg &amp; Klimakatastrophe \u2013<\/strong><strong>\u00a0\u00dcberlebensfragen der Menschheit<\/strong><\/p>\n<p><strong>Stoppt den Krieg in der Ukraine, im Jemen und in &#8211; aktuell 20 &#8211; anderen Kriegsgebieten! <\/strong><\/p>\n<p>Hunderttausende Opfer, zerst\u00f6rte Wohnungen, St\u00e4dte und Landstriche und eine zerbombte Wasser- und Energieversorgung sind zu beklagen. Millionen Menschen werden in die Flucht getrieben. Kriege schaffen und verst\u00e4rken weltweit Not und Hunger.<\/p>\n<p><strong>Keine Waffenlieferungen in Kriegsgebiete!<\/strong> Denn diese munitionieren, verl\u00e4ngern, versch\u00e4rfen Kriege und sabotieren die Notwendigkeit und den Willen zu Verhandlungen.<\/p>\n<p><strong>Friedens-Verhandlungen und Waffenstillstand<\/strong> statt blutig erzielte Pyrrhus-Siege auf dem Schlachtfeld! <strong>Im Krieg verlieren alle. Es gilt den Frieden zu gewinnen, nicht den Krieg!<\/strong><\/p>\n<p><strong>Ukraine-Krieg: drohenden Atomkrieg und Dritten Weltkrieg verhindern!<\/strong><\/p>\n<p>Erst Helme, jetzt Kampfpanzer. Morgen Kampfjets und Langstrecken-Raketen?\u00a0\u00a0 Wann geht es um Atomwaffen?<\/p>\n<p><strong>Die Klimakatastrophe kann nur im Frieden und per Abr\u00fcstung gestoppt werden!<\/strong><\/p>\n<p>Kriege und Milit\u00e4r heizen auch den Klimawandel und Umweltzerst\u00f6rung massiv an.<\/p>\n<p>2.100 Milliarden $ werden global j\u00e4hrlich f\u00fcr Milit\u00e4r und Krieg verbrannt. Dieses Geld k\u00f6nnte Hunger, Krankheit, Not, Klima- und die Umweltkatastrophe stoppen helfen.<\/p>\n<p><strong>Die Verhinderung eines Atomkriegs und\u00a0 des Klimawandels sind die entscheidenden Aufgaben und \u00a0\u00dcberlebensfragen der Menschheit<\/strong>.<\/p>\n<p>Vortrag und Diskussion mit Michael M\u00fcller, Bundesvorsitzender der NaturFreunde , ehemaliger Staatssekret\u00e4r, \u00a0seit 30 Jahren engagiert \u00a0und Experte f\u00fcr Klimaschutz-, \u00a0Nachhaltigkeit-, Umwelt- und Friedensfragen.<\/p>\n<p>Eine Veranstaltung des Friedensforums, DFG-VK, attac, VVN-BdA, RIB, DGB Stadtverband, IPPNW, FARBE e.V., pax christi, Bonhoeffer-Grupppe, BUND.<\/p>\n","protected":false},"excerpt":{"rendered":"<p>kukflyer2_a5 Freitag, 24. Februar 2023 16:30 Uhr Friedenskundgebung, Antifaschistisches Mahnmal, Ecke Rathausgasse\/Rotteckring 19:00 Uhr,\u00a0 Saal der Kreuzgemeinde, Fehrenbachallee 50\u00a0 Krieg &amp; Klimakatastrophe \u2013\u00a0\u00dcberlebensfragen der Menschheit Stoppt den Krieg in der Ukraine, im Jemen und in &#8211; aktuell 20 &#8211; anderen Kriegsgebieten! Hunderttausende Opfer, zerst\u00f6rte Wohnungen, St\u00e4dte und Landstriche und eine zerbombte Wasser- und Energieversorgung sind [&hellip;]<\/p>\n","protected":false},"author":3,"featured_media":0,"comment_status":"closed","ping_status":"closed","sticky":false,"template":"","format":"standard","meta":{"footnotes":""},"categories":[6,4,22],"tags":[],"class_list":["post-3024","post","type-post","status-publish","format-standard","hentry","category-allgemeines","category-friedensforum","category-infoveranstaltung","entry"],"_links":{"self":[{"href":"https:\/\/www.fffr.de\/index.php?rest_route=\/wp\/v2\/posts\/3024","targetHints":{"allow":["GET"]}}],"collection":[{"href":"https:\/\/www.fffr.de\/index.php?rest_route=\/wp\/v2\/posts"}],"about":[{"href":"https:\/\/www.fffr.de\/index.php?rest_route=\/wp\/v2\/types\/post"}],"author":[{"embeddable":true,"href":"https:\/\/www.fffr.de\/index.php?rest_route=\/wp\/v2\/users\/3"}],"replies":[{"embeddable":true,"href":"https:\/\/www.fffr.de\/index.php?rest_route=%2Fwp%2Fv2%2Fcomments&post=3024"}],"version-history":[{"count":3,"href":"https:\/\/www.fffr.de\/index.php?rest_route=\/wp\/v2\/posts\/3024\/revisions"}],"predecessor-version":[{"id":3030,"href":"https:\/\/www.fffr.de\/index.php?rest_route=\/wp\/v2\/posts\/3024\/revisions\/3030"}],"wp:attachment":[{"href":"https:\/\/www.fffr.de\/index.php?rest_route=%2Fwp%2Fv2%2Fmedia&parent=3024"}],"wp:term":[{"taxonomy":"category","embeddable":true,"href":"https:\/\/www.fffr.de\/index.php?rest_route=%2Fwp%2Fv2%2Fcategories&post=3024"},{"taxonomy":"post_tag","embeddable":true,"href":"https:\/\/www.fffr.de\/index.php?rest_route=%2Fwp%2Fv2%2Ftags&post=3024"}],"curies":[{"name":"wp","href":"https:\/\/api.w.org\/{rel}","templated":true}]}}