{"id":3080,"date":"2023-11-01T11:41:49","date_gmt":"2023-11-01T09:41:49","guid":{"rendered":"https:\/\/www.fffr.de\/?p=3080"},"modified":"2023-11-01T11:41:49","modified_gmt":"2023-11-01T09:41:49","slug":"andreas-zumach-am-mittwoch-22-11-23-in-freiburg","status":"publish","type":"post","link":"https:\/\/www.fffr.de\/?p=3080","title":{"rendered":"Andreas Zumach am Mittwoch 22.11.23 in Freiburg"},"content":{"rendered":"<header class=\"entry-header\">\n<h1><span style=\"font-size: 12pt;\"><a href=\"https:\/\/www.fffr.de\/blog\/wp-content\/uploads\/2023\/11\/zumach_fr20231122_a5b.pdf\">Flyer: zumach_fr20231122_a5b<\/a><\/span><\/h1>\n<h1 class=\"entry-title\">Andreas Zumach Vortrag \u201eWelche Weltordnung wollen wir?\u201c<\/h1>\n<\/header>\n<div class=\"entry-content\">\n<p>Im Rahmen der Freiburger Friedenswoche h\u00e4lt Andreas Zumach am Mittwoch 22.11. um 19:15 einen Vortrag an der Freiburger Universit\u00e4t, im KG III, H\u00f6rsaal 3219. Vortrags-Veranstalter ist das R\u00fcstungsInformationsB\u00fcro e.V. (RIB) unterst\u00fctzt durch weitere Freiburger Organisationen. Andreas Zumach ist ehemaliger Korrespondent bei der UN in Genf. Andreas Zumach sorgt jedes Jahr bei seinen Auftritten in Freiburg durch seine Themen und Sachkompentenz f\u00fcr ein volles Haus. Er versteht es, durch seine gut verst\u00e4ndliche und spannende Vortragsweise seine Zuh\u00f6rer*Innen zu fesseln.<\/p>\n<\/div>\n","protected":false},"excerpt":{"rendered":"<p>Flyer: zumach_fr20231122_a5b Andreas Zumach Vortrag \u201eWelche Weltordnung wollen wir?\u201c Im Rahmen der Freiburger Friedenswoche h\u00e4lt Andreas Zumach am Mittwoch 22.11. um 19:15 einen Vortrag an der Freiburger Universit\u00e4t, im KG III, H\u00f6rsaal 3219. Vortrags-Veranstalter ist das R\u00fcstungsInformationsB\u00fcro e.V. (RIB) unterst\u00fctzt durch weitere Freiburger Organisationen. Andreas Zumach ist ehemaliger Korrespondent bei der UN in Genf. Andreas [&hellip;]<\/p>\n","protected":false},"author":3,"featured_media":0,"comment_status":"closed","ping_status":"closed","sticky":false,"template":"","format":"standard","meta":{"footnotes":""},"categories":[6,4,22],"tags":[],"class_list":["post-3080","post","type-post","status-publish","format-standard","hentry","category-allgemeines","category-friedensforum","category-infoveranstaltung","entry"],"_links":{"self":[{"href":"https:\/\/www.fffr.de\/index.php?rest_route=\/wp\/v2\/posts\/3080","targetHints":{"allow":["GET"]}}],"collection":[{"href":"https:\/\/www.fffr.de\/index.php?rest_route=\/wp\/v2\/posts"}],"about":[{"href":"https:\/\/www.fffr.de\/index.php?rest_route=\/wp\/v2\/types\/post"}],"author":[{"embeddable":true,"href":"https:\/\/www.fffr.de\/index.php?rest_route=\/wp\/v2\/users\/3"}],"replies":[{"embeddable":true,"href":"https:\/\/www.fffr.de\/index.php?rest_route=%2Fwp%2Fv2%2Fcomments&post=3080"}],"version-history":[{"count":1,"href":"https:\/\/www.fffr.de\/index.php?rest_route=\/wp\/v2\/posts\/3080\/revisions"}],"predecessor-version":[{"id":3082,"href":"https:\/\/www.fffr.de\/index.php?rest_route=\/wp\/v2\/posts\/3080\/revisions\/3082"}],"wp:attachment":[{"href":"https:\/\/www.fffr.de\/index.php?rest_route=%2Fwp%2Fv2%2Fmedia&parent=3080"}],"wp:term":[{"taxonomy":"category","embeddable":true,"href":"https:\/\/www.fffr.de\/index.php?rest_route=%2Fwp%2Fv2%2Fcategories&post=3080"},{"taxonomy":"post_tag","embeddable":true,"href":"https:\/\/www.fffr.de\/index.php?rest_route=%2Fwp%2Fv2%2Ftags&post=3080"}],"curies":[{"name":"wp","href":"https:\/\/api.w.org\/{rel}","templated":true}]}}