{"id":3101,"date":"2024-02-11T20:58:31","date_gmt":"2024-02-11T18:58:31","guid":{"rendered":"https:\/\/www.fffr.de\/?p=3101"},"modified":"2024-02-11T20:58:31","modified_gmt":"2024-02-11T18:58:31","slug":"3101","status":"publish","type":"post","link":"https:\/\/www.fffr.de\/?p=3101","title":{"rendered":""},"content":{"rendered":"<header class=\"entry-header\">\n<p class=\"entry-meta\">Flyer: <a href=\"https:\/\/www.fffr.de\/blog\/wp-content\/uploads\/2024\/02\/ukraine240223funke_v2.pdf\">ukraine240223funke_v2<\/a><\/p>\n<h1 class=\"entry-title\">Ukraine-Krieg mit einem Friedensplan beenden!<\/h1>\n<\/header>\n<div class=\"entry-content\">\n<figure class=\"wp-block-image size-full\"><img loading=\"lazy\" decoding=\"async\" class=\"wp-image-1174\" src=\"https:\/\/freiburg.dfg-vk.de\/wp-content\/uploads\/sites\/5\/2024\/01\/ukrainekriegbeenden240223.png\" sizes=\"auto, (max-width: 947px) 100vw, 947px\" srcset=\"https:\/\/freiburg.dfg-vk.de\/wp-content\/uploads\/sites\/5\/2024\/01\/ukrainekriegbeenden240223.png 947w, https:\/\/freiburg.dfg-vk.de\/wp-content\/uploads\/sites\/5\/2024\/01\/ukrainekriegbeenden240223-300x129.png 300w, https:\/\/freiburg.dfg-vk.de\/wp-content\/uploads\/sites\/5\/2024\/01\/ukrainekriegbeenden240223-768x329.png 768w\" alt=\"\" width=\"947\" height=\"406\" \/><\/figure>\n<p>&nbsp;<\/p>\n<p class=\"has-large-font-size\"><strong>Kundgebung Fr. 23.2. 17:30 Rathausgasse<\/strong><\/p>\n<p class=\"has-large-font-size\"><strong>Mahnmal gegen Krieg und Faschismus<\/strong><\/p>\n<h2 class=\"wp-block-heading\"><\/h2>\n<h1 class=\"wp-block-heading\">Freitag, 23.2. 19:00 Uhr <strong>Uni, KG 1, H\u00f6rsaal 1221<\/strong><\/h1>\n<h1 class=\"wp-block-heading\"><strong>Mit einem Friedensplan den Krieg beenden!<\/strong><\/h1>\n<p>Seit Oktober 2023 liegt ein realistischer, detaillierter Friedensplan zur Beendigung des Kriegs in der Ukraine vor. Details hierzu siehe hier: <a href=\"https:\/\/www.emma.de\/artikel\/frieden-statt-krieg-340609\">https:\/\/www.emma.de\/artikel\/frieden-statt-krieg-340609<\/a><\/p>\n<p>Doch unsere Politik und Medien verschweigen ihn und lehnen Friedens-Verhandlungen konsequent ab, stattdessen wollen sie 2024 f\u00fcr weitere\u00a0 \u00a04 bis 8 Milliarden \u20ac Waffen an die Ukraine liefern.<\/p>\n<p>Ausgearbeitet haben den Friedensplan, politische Lager \u00fcbergreifend:\u00a0 der ehemaliger hohe NATO-General Harald Kujat,\u00a0 der ehemalige Leiter des weltweit f\u00fchrenden Milit\u00e4rforums SIKO M\u00fcnchen Horst Teltschik (CDU). Zus\u00e4tzlich zwei Professoren, Peter Brandt (SPD) und Hajo Funke, die in der Friedensbewegung aktiv sind.<\/p>\n<p>Ihr Plan basiert einerseits auf Friedensvorschl\u00e4gen aus dem Vatikan, von Brasilien, China und S\u00fcdafrika . Er kn\u00fcpft auch an die ukrainisch-russischen Friedensverhandlungen kurz nach Kriegsbeginn im M\u00e4rz 2022 an, deren erfolgreichen Abschluss\u00a0 eine Intervention der USA und England verhindert hat. Weitere Infos dazu unter: <a class=\"fancybox-pdf\" href=\"https:\/\/www.ippnw.de\/commonFiles\/pdfs\/Frieden\/Waffenstillstand_und_Frieden_Ukrainekonflikt_Feb2023.pdf\" data-type=\"link\" data-id=\"https:\/\/www.ippnw.de\/commonFiles\/pdfs\/Frieden\/Waffenstillstand_und_Frieden_Ukrainekonflikt_Feb2023.pdf\" aria-controls=\"fancybox-wrap\" aria-haspopup=\"dialog\">https:\/\/www.ippnw.de\/commonFiles\/pdfs\/Frieden\/Waffenstillstand_und_Frieden_Ukrainekonflikt_Feb2023.pdf<\/a><\/p>\n<p>&nbsp;<\/p>\n<p>&nbsp;<\/p>\n<div class=\"wp-block-media-text is-stacked-on-mobile\">\n<figure class=\"wp-block-media-text__media\"><img loading=\"lazy\" decoding=\"async\" class=\"wp-image-1176 size-full\" src=\"https:\/\/freiburg.dfg-vk.de\/wp-content\/uploads\/sites\/5\/2024\/01\/funke.png\" sizes=\"auto, (max-width: 280px) 100vw, 280px\" srcset=\"https:\/\/freiburg.dfg-vk.de\/wp-content\/uploads\/sites\/5\/2024\/01\/funke.png 280w, https:\/\/freiburg.dfg-vk.de\/wp-content\/uploads\/sites\/5\/2024\/01\/funke-204x300.png 204w\" alt=\"\" width=\"280\" height=\"411\" \/><\/figure>\n<div class=\"wp-block-media-text__content\">\n<p><strong>Prof. Hajo Funke<\/strong><\/p>\n<p>wird diesen Friedensplan vorstellen.<\/p>\n<p>Wie stehen die Chancen f\u00fcr einen Verhandlungsfrieden angesichts der aktuellen Situation eines blutigen Stellungskrieges?<\/p>\n<p>Wie ist die Situation in der Ukraine und Russland, und k\u00f6nnen die Unsicherheiten und Ver\u00e4nderungen in den USA und im Westen ein Ende des Krieges f\u00f6rdern?<\/p>\n<\/div>\n<\/div>\n<\/div>\n","protected":false},"excerpt":{"rendered":"<p>Flyer: ukraine240223funke_v2 Ukraine-Krieg mit einem Friedensplan beenden! &nbsp; Kundgebung Fr. 23.2. 17:30 Rathausgasse Mahnmal gegen Krieg und Faschismus Freitag, 23.2. 19:00 Uhr Uni, KG 1, H\u00f6rsaal 1221 Mit einem Friedensplan den Krieg beenden! Seit Oktober 2023 liegt ein realistischer, detaillierter Friedensplan zur Beendigung des Kriegs in der Ukraine vor. Details hierzu siehe hier: https:\/\/www.emma.de\/artikel\/frieden-statt-krieg-340609 Doch [&hellip;]<\/p>\n","protected":false},"author":3,"featured_media":0,"comment_status":"closed","ping_status":"closed","sticky":false,"template":"","format":"standard","meta":{"footnotes":""},"categories":[6],"tags":[],"class_list":["post-3101","post","type-post","status-publish","format-standard","hentry","category-allgemeines","entry"],"_links":{"self":[{"href":"https:\/\/www.fffr.de\/index.php?rest_route=\/wp\/v2\/posts\/3101","targetHints":{"allow":["GET"]}}],"collection":[{"href":"https:\/\/www.fffr.de\/index.php?rest_route=\/wp\/v2\/posts"}],"about":[{"href":"https:\/\/www.fffr.de\/index.php?rest_route=\/wp\/v2\/types\/post"}],"author":[{"embeddable":true,"href":"https:\/\/www.fffr.de\/index.php?rest_route=\/wp\/v2\/users\/3"}],"replies":[{"embeddable":true,"href":"https:\/\/www.fffr.de\/index.php?rest_route=%2Fwp%2Fv2%2Fcomments&post=3101"}],"version-history":[{"count":2,"href":"https:\/\/www.fffr.de\/index.php?rest_route=\/wp\/v2\/posts\/3101\/revisions"}],"predecessor-version":[{"id":3104,"href":"https:\/\/www.fffr.de\/index.php?rest_route=\/wp\/v2\/posts\/3101\/revisions\/3104"}],"wp:attachment":[{"href":"https:\/\/www.fffr.de\/index.php?rest_route=%2Fwp%2Fv2%2Fmedia&parent=3101"}],"wp:term":[{"taxonomy":"category","embeddable":true,"href":"https:\/\/www.fffr.de\/index.php?rest_route=%2Fwp%2Fv2%2Fcategories&post=3101"},{"taxonomy":"post_tag","embeddable":true,"href":"https:\/\/www.fffr.de\/index.php?rest_route=%2Fwp%2Fv2%2Ftags&post=3101"}],"curies":[{"name":"wp","href":"https:\/\/api.w.org\/{rel}","templated":true}]}}