{"id":3186,"date":"2025-01-16T20:55:05","date_gmt":"2025-01-16T18:55:05","guid":{"rendered":"https:\/\/www.fffr.de\/?p=3186"},"modified":"2025-02-17T10:34:40","modified_gmt":"2025-02-17T08:34:40","slug":"wahlpruefsteine-2025-fragen-an-den-kandidaten","status":"publish","type":"post","link":"https:\/\/www.fffr.de\/?p=3186","title":{"rendered":"Wahlpr\u00fcfsteine 2025: Fragen an den Kandidaten und Ergebnisse"},"content":{"rendered":"<p>ERGEBNISSE der WAHLPR\u00dcFSTEINE:<\/p>\n<p>Wir erhielten Ergebnisse von der FDP, Linke und Volt Partei.<\/p>\n<p>Alle andere Parteien haben entweder nicht geantwortet oder (wie in einem Fall) die festgelegte Frist nicht beachtet.<\/p>\n<p>&nbsp;<br \/>\nHier die Ergebnisse:<a href=\"https:\/\/www.fffr.de\/blog\/wp-content\/uploads\/2025\/01\/Wahl-Pruefsteine2025Antworten_2.docx\">Wahl-Pr\u00fcfsteine2025Antworten_2<\/a><br \/>\n&nbsp;<\/p>\n<p>********************************************************************************************************<\/p>\n<p><a href=\"https:\/\/www.fffr.de\/blog\/wp-content\/uploads\/2025\/01\/Wahl-Pruefsteine-2025m.pdf\">https:\/\/www.fffr.de\/blog\/wp-content\/uploads\/2025\/01\/Wahl-Pruefsteine-2025m.pdf<\/a><\/p>\n<p align=\"center\"><span style=\"font-family: Arial, sans-serif;\"><span style=\"font-size: large;\"><b>Wahlpr\u00fcfsteine <\/b><b>2025<\/b><b> <\/b><\/span><\/span><\/p>\n<p align=\"center\"><span style=\"font-family: Arial, sans-serif;\"><span style=\"font-size: medium;\"><b>gerichtet an Kandidaten und Kandidatinnen f\u00fcr den <\/b><\/span><\/span><\/p>\n<p align=\"center\"><span style=\"font-family: Arial, sans-serif;\"><span style=\"font-size: medium;\"><b>neuen Bundestag folgender Parteien des Bundestagswahlkreis Freiburg: <\/b><\/span><\/span><\/p>\n<p align=\"center\"><span style=\"font-family: Arial, sans-serif;\"><span style=\"font-size: medium;\"><b>CDU, SPD, GR\u00dcNE, FDP, LINKE, VOLT, BSW, AFD<\/b><\/span><\/span><\/p>\n<table width=\"100%\" cellspacing=\"0\" cellpadding=\"5\">\n<tbody>\n<tr valign=\"top\">\n<td width=\"6%\"><\/td>\n<td width=\"72%\"><\/td>\n<td width=\"11%\">\n<p align=\"left\"><span style=\"color: #000000;\"> <span style=\"font-family: Liberation Serif, serif;\"><span style=\"font-size: medium;\">JA <\/span><\/span><\/span><\/p>\n<\/td>\n<td width=\"11%\">\n<p align=\"left\"><span style=\"color: #000000;\"><span style=\"font-family: Liberation Serif, serif;\"><span style=\"font-size: medium;\">NEIN<\/span><\/span><\/span><\/p>\n<\/td>\n<\/tr>\n<tr valign=\"top\">\n<td width=\"6%\">\n<p align=\"left\"><span style=\"color: #000000;\"> <span style=\"font-family: Liberation Serif, serif;\"><span style=\"font-size: medium;\">1.<\/span><\/span><\/span><\/p>\n<\/td>\n<td width=\"72%\"><span style=\"font-family: Arial, sans-serif;\">Sind Sie f\u00fcr den Beitritt der Bundesrepublik zum <\/span><\/p>\n<p><span style=\"font-family: Arial, sans-serif;\">UN-Atomwaffenverbotsvertrag vom<\/span><\/p>\n<p><span style=\"font-family: Arial, sans-serif;\">17. Juli 2017, ratifiziert am 22. Januar 2021?<\/span><\/td>\n<td width=\"11%\"><\/td>\n<td width=\"11%\"><\/td>\n<\/tr>\n<tr valign=\"top\">\n<td width=\"6%\">\n<p align=\"left\"><span style=\"color: #000000;\"> <span style=\"font-family: Liberation Serif, serif;\"><span style=\"font-size: medium;\">2.<\/span><\/span><\/span><\/p>\n<\/td>\n<td width=\"72%\"><span style=\"font-family: Arial, sans-serif;\">Sind Sie f\u00fcr die Beendigung weltweiter Eins\u00e4tze der Bundeswehr, denn die Bundeswehr ist laut GG nur f\u00fcr die Landesverteidigung zust\u00e4ndig?<\/span><\/td>\n<td width=\"11%\"><\/td>\n<td width=\"11%\"><\/td>\n<\/tr>\n<tr valign=\"top\">\n<td width=\"6%\">\n<p align=\"left\"><span style=\"color: #000000;\"> <span style=\"font-family: Liberation Serif, serif;\"><span style=\"font-size: medium;\">3.<\/span><\/span><\/span><\/p>\n<\/td>\n<td width=\"72%\"><span style=\"font-family: Arial, sans-serif;\">Sind Sie f\u00fcr den Abzug der US-Atomwaffen aus B\u00fcchel \/Eifel und f\u00fcr den Verzicht der Bundesrepublik auf die nukleare Teilhabe?<\/span><\/td>\n<td width=\"11%\"><\/td>\n<td width=\"11%\"><\/td>\n<\/tr>\n<tr valign=\"top\">\n<td width=\"6%\">\n<p align=\"left\"><span style=\"color: #000000;\"> <span style=\"font-family: Liberation Serif, serif;\"><span style=\"font-size: medium;\">4.<\/span><\/span><\/span><\/p>\n<\/td>\n<td width=\"72%\"><span style=\"font-family: Arial, sans-serif;\">Sind Sie f\u00fcr den Stopp von R\u00fcstungsexporten in Kriegs- und Krisengebiete und f\u00fcr die genaue Einhaltung des Kriegswaffenkontrollgesetzes?<\/span><\/td>\n<td width=\"11%\"><\/td>\n<td width=\"11%\"><\/td>\n<\/tr>\n<tr valign=\"top\">\n<td width=\"6%\">\n<p align=\"left\"><span style=\"color: #000000;\"> <span style=\"font-family: Liberation Serif, serif;\"><span style=\"font-size: medium;\">5.<\/span><\/span><\/span><\/p>\n<\/td>\n<td width=\"72%\"><span style=\"font-family: Arial, sans-serif;\">Sind Sie f\u00fcr die Verhinderung der Stationierung der von der US-Regierung beschlossenen US-Mittelstreckenwaffen \u2013 Tomahawk, Dark Eagle &#8211; in Deutschland?<\/span><\/td>\n<td width=\"11%\"><\/td>\n<td width=\"11%\"><\/td>\n<\/tr>\n<tr valign=\"top\">\n<td width=\"6%\">\n<p align=\"left\"><span style=\"color: #000000;\"> <span style=\"font-family: Liberation Serif, serif;\"><span style=\"font-size: medium;\">6.<\/span><\/span><\/span><\/p>\n<\/td>\n<td width=\"72%\">\n<p align=\"left\"><span style=\"font-family: Arial, sans-serif;\">Sind Sie gegen die Lieferung von Taurus in die Ukraine? <\/span><\/p>\n<\/td>\n<td width=\"11%\"><\/td>\n<td width=\"11%\"><\/td>\n<\/tr>\n<tr valign=\"top\">\n<td width=\"6%\">\n<p align=\"left\"><span style=\"color: #000000;\"> <span style=\"font-family: Liberation Serif, serif;\"><span style=\"font-size: medium;\">7.<\/span><\/span><\/span><\/p>\n<\/td>\n<td width=\"72%\"><span style=\"font-family: Arial, sans-serif;\">Sind Sie f\u00fcr verst\u00e4rkte Bem\u00fchungen der Bundesregierung f\u00fcr diplomatische L\u00f6sungen zur Beendigung des Kriegs in der Ukraine und aller anderen Kriege und Konflikte?<\/span><\/td>\n<td width=\"11%\"><\/td>\n<td width=\"11%\"><\/td>\n<\/tr>\n<tr valign=\"top\">\n<td width=\"6%\">\n<p align=\"left\"><span style=\"color: #000000;\"> <span style=\"font-family: Liberation Serif, serif;\"><span style=\"font-size: medium;\">8.<\/span><\/span><\/span><\/p>\n<\/td>\n<td width=\"72%\"><span style=\"font-family: Arial, sans-serif;\">Sind Sie f\u00fcr die Einhaltung der geltenden Zivilklausel an der Albert Ludwigs Universit\u00e4t Freiburg ?<\/span><\/td>\n<td width=\"11%\"><\/td>\n<td width=\"11%\"><\/td>\n<\/tr>\n<tr valign=\"top\">\n<td width=\"6%\">\n<p align=\"left\"><span style=\"color: #000000;\"> <span style=\"font-family: Liberation Serif, serif;\"><span style=\"font-size: medium;\">9.<\/span><\/span><\/span><\/p>\n<\/td>\n<td width=\"72%\"><span style=\"font-family: Arial, sans-serif;\">Sind Sie f\u00fcr eine St\u00e4rkung der Friedensforschung?<\/span><\/td>\n<td width=\"11%\"><\/td>\n<td width=\"11%\"><\/td>\n<\/tr>\n<tr valign=\"top\">\n<td width=\"6%\">\n<p align=\"left\"><span style=\"color: #000000;\"><span style=\"font-family: Liberation Serif, serif;\"><span style=\"font-size: medium;\">10.<\/span><\/span><\/span><\/p>\n<\/td>\n<td width=\"72%\"><span style=\"font-family: Arial, sans-serif;\">Sind Sie gegen Einschnitte im Sozialsystem zugunsten weiterer Aufr\u00fcstung?<\/span><\/td>\n<td width=\"11%\"><\/td>\n<td width=\"11%\"><\/td>\n<\/tr>\n<tr valign=\"top\">\n<td width=\"6%\">\n<p align=\"left\"><span style=\"color: #000000;\"><span style=\"font-family: Liberation Serif, serif;\"><span style=\"font-size: medium;\">11.<\/span><\/span><\/span><\/p>\n<\/td>\n<td width=\"72%\"><span style=\"font-family: Arial, sans-serif;\">Sind Sie f\u00fcr die Aufnahme von Deserteuren und Kriegsdienstverweigerern aus Kriegsgebieten?<\/span><\/td>\n<td width=\"11%\"><\/td>\n<td width=\"11%\"><\/td>\n<\/tr>\n<tr valign=\"top\">\n<td width=\"6%\">\n<p align=\"left\"><span style=\"color: #000000;\"><span style=\"font-family: Liberation Serif, serif;\"><span style=\"font-size: medium;\">12.<\/span><\/span><\/span><\/p>\n<\/td>\n<td width=\"72%\"><span style=\"font-family: Arial, sans-serif;\">Sind Sie gegen Informationsveranstaltungen der Bundeswehr in Schulen?<\/span><\/td>\n<td width=\"11%\"><\/td>\n<td width=\"11%\"><\/td>\n<\/tr>\n<tr valign=\"top\">\n<td width=\"6%\">\n<p align=\"left\"><span style=\"color: #000000;\"><span style=\"font-family: Liberation Serif, serif;\"><span style=\"font-size: medium;\">13.<\/span><\/span><\/span><\/p>\n<\/td>\n<td width=\"72%\"><span style=\"font-family: Arial, sans-serif;\">Sind Sie gegen Wiedereinf\u00fchrung der Wehrpflicht?<\/span><\/td>\n<td width=\"11%\"><\/td>\n<td width=\"11%\"><\/td>\n<\/tr>\n<\/tbody>\n<\/table>\n<p>&nbsp;<\/p>\n<p><a href=\"https:\/\/www.fffr.de\/blog\/wp-content\/uploads\/2025\/01\/Wahl-Pruefsteine-2025m.pdf\">Wahl-Pr\u00fcfsteine 2025m<\/a><\/p>\n<p>&nbsp;<\/p>\n<p>&nbsp;<\/p>\n","protected":false},"excerpt":{"rendered":"<p>ERGEBNISSE der WAHLPR\u00dcFSTEINE: Wir erhielten Ergebnisse von der FDP, Linke und Volt Partei. Alle andere Parteien haben entweder nicht geantwortet oder (wie in einem Fall) die festgelegte Frist nicht beachtet. &nbsp; Hier die Ergebnisse:Wahl-Pr\u00fcfsteine2025Antworten_2 &nbsp; ******************************************************************************************************** https:\/\/www.fffr.de\/blog\/wp-content\/uploads\/2025\/01\/Wahl-Pruefsteine-2025m.pdf Wahlpr\u00fcfsteine 2025 gerichtet an Kandidaten und Kandidatinnen f\u00fcr den neuen Bundestag folgender Parteien des Bundestagswahlkreis Freiburg: CDU, SPD, [&hellip;]<\/p>\n","protected":false},"author":3,"featured_media":0,"comment_status":"closed","ping_status":"closed","sticky":false,"template":"","format":"standard","meta":{"footnotes":""},"categories":[6,4],"tags":[],"class_list":["post-3186","post","type-post","status-publish","format-standard","hentry","category-allgemeines","category-friedensforum","entry"],"_links":{"self":[{"href":"https:\/\/www.fffr.de\/index.php?rest_route=\/wp\/v2\/posts\/3186","targetHints":{"allow":["GET"]}}],"collection":[{"href":"https:\/\/www.fffr.de\/index.php?rest_route=\/wp\/v2\/posts"}],"about":[{"href":"https:\/\/www.fffr.de\/index.php?rest_route=\/wp\/v2\/types\/post"}],"author":[{"embeddable":true,"href":"https:\/\/www.fffr.de\/index.php?rest_route=\/wp\/v2\/users\/3"}],"replies":[{"embeddable":true,"href":"https:\/\/www.fffr.de\/index.php?rest_route=%2Fwp%2Fv2%2Fcomments&post=3186"}],"version-history":[{"count":16,"href":"https:\/\/www.fffr.de\/index.php?rest_route=\/wp\/v2\/posts\/3186\/revisions"}],"predecessor-version":[{"id":3210,"href":"https:\/\/www.fffr.de\/index.php?rest_route=\/wp\/v2\/posts\/3186\/revisions\/3210"}],"wp:attachment":[{"href":"https:\/\/www.fffr.de\/index.php?rest_route=%2Fwp%2Fv2%2Fmedia&parent=3186"}],"wp:term":[{"taxonomy":"category","embeddable":true,"href":"https:\/\/www.fffr.de\/index.php?rest_route=%2Fwp%2Fv2%2Fcategories&post=3186"},{"taxonomy":"post_tag","embeddable":true,"href":"https:\/\/www.fffr.de\/index.php?rest_route=%2Fwp%2Fv2%2Ftags&post=3186"}],"curies":[{"name":"wp","href":"https:\/\/api.w.org\/{rel}","templated":true}]}}