{"id":3238,"date":"2025-03-27T11:22:41","date_gmt":"2025-03-27T09:22:41","guid":{"rendered":"https:\/\/www.fffr.de\/?p=3238"},"modified":"2025-04-25T10:03:07","modified_gmt":"2025-04-25T08:03:07","slug":"ostermarsch-am-gruendonnerstag-in-freiburg-friedensfaehig-statt-kriegstuechtig","status":"publish","type":"post","link":"https:\/\/www.fffr.de\/?p=3238","title":{"rendered":"Ostermarsch am Gr\u00fcndonnerstag in Freiburg: friedensf\u00e4hig statt kriegst\u00fcchtig!"},"content":{"rendered":"<header>Hier die Reden von<\/header>\n<ol>\n<li>Dr. Helmut Mielitz IPPNW<a href=\"https:\/\/www.fffr.de\/blog\/wp-content\/uploads\/2025\/03\/Dr.-Helmut-Mielitz-IPPNW-Rede-17.4.251.odt\">Dr. Helmut Mielitz IPPNW Rede 17.4.25(1)<\/a><\/li>\n<li>Martin Gro\u00df verdi<a href=\"https:\/\/www.fffr.de\/blog\/wp-content\/uploads\/2025\/03\/Rede-Martin-Gross-VERDI-17.-4.-25.odt\">Rede Martin Gross VERDI 17. 4. 25<\/a><\/li>\n<li>Greta Waltenberg<a href=\"https:\/\/www.fffr.de\/blog\/wp-content\/uploads\/2025\/03\/Rede-Greta-Waltenberg-Ostermarsch-Freiburg-17.4.25.odt\">Rede Greta Waltenberg Ostermarsch Freiburg 17.4.25<\/a><\/li>\n<\/ol>\n<header><\/header>\n<header><\/header>\n<header>Hier die Reden vom Friedensforum, die beim CDU-B\u00fcro gehalten wurden:<\/header>\n<header><\/header>\n<header class=\"entry-header\"><a href=\"https:\/\/www.fffr.de\/blog\/wp-content\/uploads\/2025\/03\/Ostermarschrede-FR_uta.pdf\">Ostermarschrede-FR_uta.pdf<\/a><\/header>\n<header><a href=\"https:\/\/www.fffr.de\/blog\/wp-content\/uploads\/2025\/03\/Rede-Max-Final-17.-4.-25.pdf\">Rede Max Final 17. 4. 25<\/a><\/header>\n<header>&lt;\/ header&gt;<\/header>\n<header><\/header>\n<header><\/header>\n<header><\/header>\n<header><\/header>\n<header><\/header>\n<header><\/header>\n<header><\/header>\n<header><\/header>\n<header class=\"entry-header\">Flyer: <a href=\"https:\/\/www.fffr.de\/blog\/wp-content\/uploads\/2025\/03\/OMFreiburg9-1.pdf\">OMFreiburg9-1<\/a><\/p>\n<h1 class=\"entry-title\">Ostermarsch: friedensf\u00e4hig statt kriegst\u00fcchtig!<\/h1>\n<\/header>\n<div class=\"entry-content\">\n<p>So ist unser Slogan, Botschaft und Antwort des Freiburger Ostermarsch auf den beispiellosen Aufr\u00fcstungsbeschluss und Kriegsvorbereitungskurs der EU und Deutschlands. Der Freiburger Ostermarsch beginnt am <strong>Gr\u00fcndonnerstag, 17.4.2025 am Mahmal gegen Krieg und Faschismus, Rathausgasse ab 17:00h<\/strong> mit einer Auftaktkundgebung. Die Kundgebungsreden werden Martin Gross, Ver.di Landesbezirksleiter BaW\u00fc, sowie Greta Waltenberg, Klima-Aktivistin und eine Vertreterin des Freiburger Friedensforum und der IPPNW halten.<\/p>\n<figure class=\"wp-block-image size-large\"><\/figure>\n<\/div>\n","protected":false},"excerpt":{"rendered":"<p>Hier die Reden von Dr. Helmut Mielitz IPPNWDr. Helmut Mielitz IPPNW Rede 17.4.25(1) Martin Gro\u00df verdiRede Martin Gross VERDI 17. 4. 25 Greta WaltenbergRede Greta Waltenberg Ostermarsch Freiburg 17.4.25 Hier die Reden vom Friedensforum, die beim CDU-B\u00fcro gehalten wurden: Ostermarschrede-FR_uta.pdf Rede Max Final 17. 4. 25 &lt;\/ header&gt; Flyer: OMFreiburg9-1 Ostermarsch: friedensf\u00e4hig statt kriegst\u00fcchtig! So [&hellip;]<\/p>\n","protected":false},"author":3,"featured_media":0,"comment_status":"closed","ping_status":"closed","sticky":false,"template":"","format":"standard","meta":{"footnotes":""},"categories":[6,4,22],"tags":[],"class_list":["post-3238","post","type-post","status-publish","format-standard","hentry","category-allgemeines","category-friedensforum","category-infoveranstaltung","entry"],"_links":{"self":[{"href":"https:\/\/www.fffr.de\/index.php?rest_route=\/wp\/v2\/posts\/3238","targetHints":{"allow":["GET"]}}],"collection":[{"href":"https:\/\/www.fffr.de\/index.php?rest_route=\/wp\/v2\/posts"}],"about":[{"href":"https:\/\/www.fffr.de\/index.php?rest_route=\/wp\/v2\/types\/post"}],"author":[{"embeddable":true,"href":"https:\/\/www.fffr.de\/index.php?rest_route=\/wp\/v2\/users\/3"}],"replies":[{"embeddable":true,"href":"https:\/\/www.fffr.de\/index.php?rest_route=%2Fwp%2Fv2%2Fcomments&post=3238"}],"version-history":[{"count":16,"href":"https:\/\/www.fffr.de\/index.php?rest_route=\/wp\/v2\/posts\/3238\/revisions"}],"predecessor-version":[{"id":3266,"href":"https:\/\/www.fffr.de\/index.php?rest_route=\/wp\/v2\/posts\/3238\/revisions\/3266"}],"wp:attachment":[{"href":"https:\/\/www.fffr.de\/index.php?rest_route=%2Fwp%2Fv2%2Fmedia&parent=3238"}],"wp:term":[{"taxonomy":"category","embeddable":true,"href":"https:\/\/www.fffr.de\/index.php?rest_route=%2Fwp%2Fv2%2Fcategories&post=3238"},{"taxonomy":"post_tag","embeddable":true,"href":"https:\/\/www.fffr.de\/index.php?rest_route=%2Fwp%2Fv2%2Ftags&post=3238"}],"curies":[{"name":"wp","href":"https:\/\/api.w.org\/{rel}","templated":true}]}}