{"id":3318,"date":"2025-10-26T19:58:40","date_gmt":"2025-10-26T17:58:40","guid":{"rendered":"https:\/\/www.fffr.de\/?p=3318"},"modified":"2026-02-14T17:59:41","modified_gmt":"2026-02-14T15:59:41","slug":"freiburger-friedenswoche-25-veranstaltungen","status":"publish","type":"post","link":"https:\/\/www.fffr.de\/?p=3318","title":{"rendered":"Freitag, 20.2. 19h: Claudia Haydt"},"content":{"rendered":"<div class=\"entry-content\">\n<p><strong>Freitag, 20.2.2026<\/strong><br \/>\n19:00 h, Mensa der<br \/>\nHebelschule,<br \/>\nEscholzstrasse<\/p>\n<p><strong>Bringt die \u201eZeitenwende\u201c mehr Sicherheit?<\/strong><br \/>\n<strong>Wohin f\u00fchren Hochr\u00fcstung und Kriegsvorbereitungen?<\/strong><br \/>\n<strong>Claudia Haydt<\/strong><\/p>\n<p>Vorstands- und Gr\u00fcndungsmitglied der Informationsstelle Militarisierung IMI e.V.<br \/>\nAutorin zahlreicher Publikationen zu deutscher und<br \/>\neurop\u00e4ischer Milit\u00e4rpolitik.<br \/>\nDeutschland bewegt sich mit hoher Geschwindigkeit in Richtung Milit\u00e4rrepublik. Immer gr\u00f6\u00dfere Anteile des \u00f6ffentlichen Haushalts werden ins Milit\u00e4r investiert<br \/>\n(Stichwort 5% Ziel). Die Wehrpflicht soll wieder eingef\u00fchrt und mit einem \u201eOperationsplan Deutschland\u201c soll die gesamte Gesellschaft kriegst\u00fcchtig gemacht werden.<br \/>\nWas bedeutet es, wenn die wesentliche Aufgabe darin besteht Deutschland \u201eals Drehscheibe f\u00fcr den Aufmarsch und die Versorgung verb\u00fcndeter und eigener Streitkr\u00e4fte<br \/>\nvorzubereiten? Die Referentin gibt einen \u00dcberblick \u00fcber die aktuellen Pl\u00e4ne, wobei neben den Aufr\u00fcstungsprojekten auch die weiteren gesellschaftlichen Umbauprozesse<br \/>\n(Kriegswirtschaft, Sozialabbau, Abschaffung von Zivilklauseln) in den Blick genommen werden. Es geht aber auch um m\u00f6gliche Auswege aus der Sackgasse der Militarisierung,<br \/>\neine St\u00e4rkung von Diplomatie und neue Abr\u00fcstungsschritte.<\/p>\n<\/div>\n","protected":false},"excerpt":{"rendered":"<p>Freitag, 20.2.2026 19:00 h, Mensa der Hebelschule, Escholzstrasse Bringt die \u201eZeitenwende\u201c mehr Sicherheit? Wohin f\u00fchren Hochr\u00fcstung und Kriegsvorbereitungen? Claudia Haydt Vorstands- und Gr\u00fcndungsmitglied der Informationsstelle Militarisierung IMI e.V. Autorin zahlreicher Publikationen zu deutscher und europ\u00e4ischer Milit\u00e4rpolitik. Deutschland bewegt sich mit hoher Geschwindigkeit in Richtung Milit\u00e4rrepublik. Immer gr\u00f6\u00dfere Anteile des \u00f6ffentlichen Haushalts werden ins Milit\u00e4r investiert [&hellip;]<\/p>\n","protected":false},"author":3,"featured_media":0,"comment_status":"closed","ping_status":"closed","sticky":false,"template":"","format":"standard","meta":{"footnotes":""},"categories":[6,4,23,22],"tags":[],"class_list":["post-3318","post","type-post","status-publish","format-standard","hentry","category-allgemeines","category-friedensforum","category-friedenswoche-freiburg","category-infoveranstaltung","entry"],"_links":{"self":[{"href":"https:\/\/www.fffr.de\/index.php?rest_route=\/wp\/v2\/posts\/3318","targetHints":{"allow":["GET"]}}],"collection":[{"href":"https:\/\/www.fffr.de\/index.php?rest_route=\/wp\/v2\/posts"}],"about":[{"href":"https:\/\/www.fffr.de\/index.php?rest_route=\/wp\/v2\/types\/post"}],"author":[{"embeddable":true,"href":"https:\/\/www.fffr.de\/index.php?rest_route=\/wp\/v2\/users\/3"}],"replies":[{"embeddable":true,"href":"https:\/\/www.fffr.de\/index.php?rest_route=%2Fwp%2Fv2%2Fcomments&post=3318"}],"version-history":[{"count":15,"href":"https:\/\/www.fffr.de\/index.php?rest_route=\/wp\/v2\/posts\/3318\/revisions"}],"predecessor-version":[{"id":3343,"href":"https:\/\/www.fffr.de\/index.php?rest_route=\/wp\/v2\/posts\/3318\/revisions\/3343"}],"wp:attachment":[{"href":"https:\/\/www.fffr.de\/index.php?rest_route=%2Fwp%2Fv2%2Fmedia&parent=3318"}],"wp:term":[{"taxonomy":"category","embeddable":true,"href":"https:\/\/www.fffr.de\/index.php?rest_route=%2Fwp%2Fv2%2Fcategories&post=3318"},{"taxonomy":"post_tag","embeddable":true,"href":"https:\/\/www.fffr.de\/index.php?rest_route=%2Fwp%2Fv2%2Ftags&post=3318"}],"curies":[{"name":"wp","href":"https:\/\/api.w.org\/{rel}","templated":true}]}}