{"id":3351,"date":"2026-03-28T08:00:53","date_gmt":"2026-03-28T06:00:53","guid":{"rendered":"https:\/\/www.fffr.de\/?p=3351"},"modified":"2026-03-14T19:27:41","modified_gmt":"2026-03-14T17:27:41","slug":"ostermarsch-fuer-frieden-2026-in-freiburg","status":"publish","type":"post","link":"https:\/\/www.fffr.de\/?p=3351","title":{"rendered":"Ostermarsch f\u00fcr Frieden 2026 in Freiburg"},"content":{"rendered":"<p><strong>Ostermarsch f\u00fcr Frieden 2026 in Freiburg<\/strong><br \/>\n<strong>Karsamstag, 4. April<\/strong><br \/>\n<strong>11h<\/strong><br \/>\n<strong>Platz der Alten Synagoge<\/strong><\/p>\n<p>Flyer:<a href=\"https:\/\/www.fffr.de\/blog\/wp-content\/uploads\/2026\/03\/Aufruf-Ostermarsch-13-03-2026.pdf\">Aufruf Ostermarsch 13-03-2026<\/a><\/p>\n<p>Friedensf\u00e4hig statt Kriegst\u00fcchtig!<br \/>\nGegen Wehrpflicht und Aufr\u00fcstung!<br \/>\nF\u00fcr Verhandlungen und Deeskalation!<\/p>\n<p>Unsere Forderungen:<br \/>\n-Einhaltung des V\u00f6lkerrechts. Die UNO-Charta verbietet allen L\u00e4ndern<br \/>\nAndrohung oder Anwendung von Gewalt und verpflichtet alle Kriegsparteien zu<br \/>\nVerhandlungsbem\u00fchungen. Dabei sollte nicht abh\u00e4ngig von geopolitischen<br \/>\nInteressen mit zweierlei Ma\u00df gemessen werden.<br \/>\n-Stopp der Waffenlieferungen an die Ukraine, Israel, Saudi-Arabien und andere<br \/>\nL\u00e4nder. Insbesondere keine Lieferung von Taurus-Marschflugk\u00f6rpern an die<br \/>\nUkraine, keine direkte Kriegsbeteiligung!<br \/>\n&#8211; Stopp des V\u00f6lkermordes in Gaza und der v\u00f6lkerrechtswidrigen Besatzung<br \/>\nPal\u00e4stinas<br \/>\n-Stopp der v\u00f6lkerrechtswidrigen Sanktionen, z.B. gegen Kuba<br \/>\n-Verhandlungen und Deeskalation<br \/>\n&#8211; Entspannungspolitik, Aufbau einer neuen europ\u00e4ischen Friedensordnung mit<br \/>\nBer\u00fccksichtigung der Sicherheitsinteressen aller Beteiligten.<br \/>\n-Abr\u00fcstung, Keine US-Mittelstreckenraketen in Deutschland<br \/>\n-Beitritt zum Atomwaffenverbotsvertrag der UNO<br \/>\n-Stopp der Militarisierung, R\u00fccknahme des Ziels der Nato, 5% des BIP f\u00fcr Milit\u00e4r<br \/>\nauszugeben.<br \/>\n-Stattdessen Geld f\u00fcr Soziales, Bildung, Gesundheit, Umwelt- und Klimaschutz<br \/>\n-Schutz und Asyl f\u00fcr Kriegsdienstverweigerer<br \/>\n-Keine Wehrpflicht!<\/p>\n<p>V.i.S.d.P: Friedensforum, St\u00fchlinger Str. 7, Freiburg, https:\/\/www.fffr.de\/<br \/>\nfff@fffr.de<\/p>\n<p>&nbsp;<\/p>\n","protected":false},"excerpt":{"rendered":"<p>Ostermarsch f\u00fcr Frieden 2026 in Freiburg Karsamstag, 4. April 11h Platz der Alten Synagoge Flyer:Aufruf Ostermarsch 13-03-2026 Friedensf\u00e4hig statt Kriegst\u00fcchtig! Gegen Wehrpflicht und Aufr\u00fcstung! F\u00fcr Verhandlungen und Deeskalation! Unsere Forderungen: -Einhaltung des V\u00f6lkerrechts. Die UNO-Charta verbietet allen L\u00e4ndern Androhung oder Anwendung von Gewalt und verpflichtet alle Kriegsparteien zu Verhandlungsbem\u00fchungen. Dabei sollte nicht abh\u00e4ngig von geopolitischen [&hellip;]<\/p>\n","protected":false},"author":3,"featured_media":0,"comment_status":"closed","ping_status":"closed","sticky":false,"template":"","format":"standard","meta":{"footnotes":""},"categories":[6,4,22],"tags":[],"class_list":["post-3351","post","type-post","status-publish","format-standard","hentry","category-allgemeines","category-friedensforum","category-infoveranstaltung","entry"],"_links":{"self":[{"href":"https:\/\/www.fffr.de\/index.php?rest_route=\/wp\/v2\/posts\/3351","targetHints":{"allow":["GET"]}}],"collection":[{"href":"https:\/\/www.fffr.de\/index.php?rest_route=\/wp\/v2\/posts"}],"about":[{"href":"https:\/\/www.fffr.de\/index.php?rest_route=\/wp\/v2\/types\/post"}],"author":[{"embeddable":true,"href":"https:\/\/www.fffr.de\/index.php?rest_route=\/wp\/v2\/users\/3"}],"replies":[{"embeddable":true,"href":"https:\/\/www.fffr.de\/index.php?rest_route=%2Fwp%2Fv2%2Fcomments&post=3351"}],"version-history":[{"count":3,"href":"https:\/\/www.fffr.de\/index.php?rest_route=\/wp\/v2\/posts\/3351\/revisions"}],"predecessor-version":[{"id":3355,"href":"https:\/\/www.fffr.de\/index.php?rest_route=\/wp\/v2\/posts\/3351\/revisions\/3355"}],"wp:attachment":[{"href":"https:\/\/www.fffr.de\/index.php?rest_route=%2Fwp%2Fv2%2Fmedia&parent=3351"}],"wp:term":[{"taxonomy":"category","embeddable":true,"href":"https:\/\/www.fffr.de\/index.php?rest_route=%2Fwp%2Fv2%2Fcategories&post=3351"},{"taxonomy":"post_tag","embeddable":true,"href":"https:\/\/www.fffr.de\/index.php?rest_route=%2Fwp%2Fv2%2Ftags&post=3351"}],"curies":[{"name":"wp","href":"https:\/\/api.w.org\/{rel}","templated":true}]}}